{"id":1312,"date":"2025-06-12T19:01:13","date_gmt":"2025-06-12T17:01:13","guid":{"rendered":"https:\/\/cuentia.es\/sin-categoria\/el-nino-que-creo-una-bicicleta-voladora-2\/"},"modified":"2025-06-12T19:01:13","modified_gmt":"2025-06-12T17:01:13","slug":"el-nino-que-creo-una-bicicleta-voladora-2","status":"publish","type":"post","link":"https:\/\/cuentia.es\/en\/cuentia\/el-nino-que-creo-una-bicicleta-voladora-2\/","title":{"rendered":"El ni\u00f1o que cre\u00f3 una bicicleta voladora"},"content":{"rendered":"<p>\u00c9rase una vez en un peque\u00f1o pueblo, un ni\u00f1o llamado Pablo que so\u00f1aba con poder volar y recorrer el mundo desde el cielo. Pero hab\u00eda un problema, Pablo no ten\u00eda alas para volar como los p\u00e1jaros. Un d\u00eda, mientras jugaba en su taller, tuvo una brillante idea:<\/p>\n<p>&#8211; \u00a1Ya s\u00e9! \u00a1Voy a construir una bicicleta que pueda volar! &#8211; exclam\u00f3 emocionado.<\/p>\n<p>As\u00ed que Pablo se puso manos a la obra. Utiliz\u00f3 piezas de metal, madera y mucha imaginaci\u00f3n para crear una incre\u00edble bicicleta voladora. Despu\u00e9s de muchas horas de trabajo duro, finalmente la bicicleta estuvo lista para ser probada.<\/p>\n<p>Pablo subi\u00f3 a su bicicleta, pedale\u00f3 con fuerza y, para su asombro, \u00a1comenz\u00f3 a elevarse por los aires! El peque\u00f1o volaba sobre los techos de las casas, saludando a los p\u00e1jaros que pasaban y sintiendo la emoci\u00f3n de cumplir su sue\u00f1o.<\/p>\n<p>De repente, una bandada de p\u00e1jaros se acerc\u00f3 a Pablo.<\/p>\n<p>&#8211; \u00a1Hola! \u00bfQu\u00e9 est\u00e1s haciendo? &#8211; pregunt\u00f3 curioso un simp\u00e1tico colibr\u00ed.<\/p>\n<p>&#8211; Estoy volando en mi bicicleta voladora que he construido yo mismo &#8211; respondi\u00f3 orgulloso Pablo.<\/p>\n<p>Los p\u00e1jaros se sorprendieron y se emocionaron al ver la incre\u00edble creaci\u00f3n de Pablo.<\/p>\n<p>&#8211; \u00a1Es asombroso! Nunca hab\u00edamos visto nada igual. \u00bfC\u00f3mo has logrado construir una bicicleta que puede volar? &#8211; pregunt\u00f3 un ruise\u00f1or.<\/p>\n<p>&#8211; Con mucha creatividad, esfuerzo y determinaci\u00f3n. Cuando se tienen grandes sue\u00f1os, no hay imposibles &#8211; respondi\u00f3 Pablo con una sonrisa.<\/p>\n<p>Los p\u00e1jaros lo felicitaron y lo acompa\u00f1aron en un emocionante vuelo por el pueblo. Pablo se sent\u00eda libre y feliz, disfrutando de la brisa en su rostro y de las vistas desde lo alto.<\/p>\n<p>Desde ese d\u00eda, Pablo se convirti\u00f3 en el h\u00e9roe del pueblo, inspirando a todos con su incre\u00edble invento. Ni\u00f1os y mayores ven\u00edan de todas partes para ver la bicicleta voladora y escuchar las emocionantes historias de Pablo.<\/p>\n<p>Y as\u00ed, el ni\u00f1o que cre\u00f3 una bicicleta voladora demostr\u00f3 que con imaginaci\u00f3n y determinaci\u00f3n, los sue\u00f1os m\u00e1s incre\u00edbles pueden hacerse realidad. Porque, como dec\u00eda siempre Pablo: <em>Si puedes so\u00f1arlo, puedes hacerlo<\/em>.<\/p>\n<hr\/>\n<p>Ap\u00fantate a la newsletter y recibe cuentos como este directamente en tu correo electr\u00f3nico.<\/p>\n<div class=\"wp-block-contact-form-7-contact-form-selector\">\n<div class=\"wpcf7 no-js\" id=\"wpcf7-f759-o1\" lang=\"es-ES\" dir=\"ltr\" data-wpcf7-id=\"759\">\n<div class=\"screen-reader-response\"><p role=\"status\" aria-live=\"polite\" aria-atomic=\"true\"><\/p> <ul><\/ul><\/div>\n<form action=\"\/en\/wp-json\/wp\/v2\/posts\/1312#wpcf7-f759-o1\" method=\"post\" class=\"wpcf7-form init\" aria-label=\"Formulario de contacto\" novalidate=\"novalidate\" data-status=\"init\" data-trp-original-action=\"\/en\/wp-json\/wp\/v2\/posts\/1312#wpcf7-f759-o1\">\n<fieldset class=\"hidden-fields-container\"><input type=\"hidden\" name=\"_wpcf7\" value=\"759\" \/><input type=\"hidden\" name=\"_wpcf7_version\" value=\"6.1.5\" \/><input type=\"hidden\" name=\"_wpcf7_locale\" value=\"es_ES\" \/><input type=\"hidden\" name=\"_wpcf7_unit_tag\" value=\"wpcf7-f759-o1\" \/><input type=\"hidden\" name=\"_wpcf7_container_post\" value=\"0\" \/><input type=\"hidden\" name=\"_wpcf7_posted_data_hash\" value=\"\" \/>\n<\/fieldset>\n<p><label> Tu email aqu\u00ed <\/label><br \/>\n<span class=\"wpcf7-form-control-wrap\" data-name=\"your-email\"><input size=\"40\" maxlength=\"400\" class=\"wpcf7-form-control wpcf7-email wpcf7-validates-as-required wpcf7-text wpcf7-validates-as-email\" id=\"input_mail_suscription\" autocomplete=\"email\" aria-required=\"true\" aria-invalid=\"false\" value=\"\" type=\"email\" name=\"your-email\" \/><\/span>\n<\/p>\n<p><span class=\"wpcf7-form-control-wrap\" data-name=\"verify\"><span class=\"wpcf7-form-control wpcf7-checkbox wpcf7-validates-as-required\"><span class=\"wpcf7-list-item first last\"><label><input type=\"checkbox\" name=\"verify[]\" value=\"Estoy de acuerdo en recibir los cuentos en mi direcci\u00f3n de correo electr\u00f3nico\" \/><span class=\"wpcf7-list-item-label\">Estoy de acuerdo en recibir los cuentos en mi direcci\u00f3n de correo electr\u00f3nico<\/span><\/label><\/span><\/span><\/span>\n<\/p>\n<p><input class=\"wpcf7-form-control wpcf7-submit has-spinner\" id=\"submit_suscription\" type=\"submit\" value=\"Enviar\" \/>\n<\/p><input type=\"hidden\" id=\"gr_form_nonce\" name=\"gr_form_nonce\" value=\"b441e54fbd\" \/><input type=\"hidden\" name=\"_wp_http_referer\" value=\"\/en\/wp-json\/wp\/v2\/posts\/1312\" \/><div class=\"wpcf7-response-output\" aria-hidden=\"true\"><\/div>\n<input type=\"hidden\" name=\"trp-form-language\" value=\"en\"\/><\/form>\n<\/div>\n<\/div>","protected":false},"excerpt":{"rendered":"<p>\u00c9rase una vez en un peque\u00f1o pueblo, un ni\u00f1o llamado Pablo que so\u00f1aba con poder volar y recorrer el mundo desde el cielo. Pero hab\u00eda un problema, Pablo no ten\u00eda alas para volar como los p\u00e1jaros. Un d\u00eda, mientras jugaba en su taller, tuvo una brillante idea: &#8211; \u00a1Ya s\u00e9! \u00a1Voy a construir una bicicleta &#8230; <a title=\"El ni\u00f1o que cre\u00f3 una bicicleta voladora\" class=\"read-more\" href=\"https:\/\/cuentia.es\/en\/cuentia\/el-nino-que-creo-una-bicicleta-voladora-2\/\" aria-label=\"Read more about El ni\u00f1o que cre\u00f3 una bicicleta voladora\">Read more<\/a><\/p>","protected":false},"author":1,"featured_media":0,"comment_status":"","ping_status":"open","sticky":false,"template":"","format":"standard","meta":{"footnotes":""},"categories":[22],"tags":[],"class_list":["post-1312","post","type-post","status-publish","format-standard","hentry","category-cuentia"],"aioseo_notices":[],"_links":{"self":[{"href":"https:\/\/cuentia.es\/en\/wp-json\/wp\/v2\/posts\/1312","targetHints":{"allow":["GET"]}}],"collection":[{"href":"https:\/\/cuentia.es\/en\/wp-json\/wp\/v2\/posts"}],"about":[{"href":"https:\/\/cuentia.es\/en\/wp-json\/wp\/v2\/types\/post"}],"author":[{"embeddable":true,"href":"https:\/\/cuentia.es\/en\/wp-json\/wp\/v2\/users\/1"}],"replies":[{"embeddable":true,"href":"https:\/\/cuentia.es\/en\/wp-json\/wp\/v2\/comments?post=1312"}],"version-history":[{"count":0,"href":"https:\/\/cuentia.es\/en\/wp-json\/wp\/v2\/posts\/1312\/revisions"}],"wp:attachment":[{"href":"https:\/\/cuentia.es\/en\/wp-json\/wp\/v2\/media?parent=1312"}],"wp:term":[{"taxonomy":"category","embeddable":true,"href":"https:\/\/cuentia.es\/en\/wp-json\/wp\/v2\/categories?post=1312"},{"taxonomy":"post_tag","embeddable":true,"href":"https:\/\/cuentia.es\/en\/wp-json\/wp\/v2\/tags?post=1312"}],"curies":[{"name":"wp","href":"https:\/\/api.w.org\/{rel}","templated":true}]}}