{"id":1313,"date":"2025-06-13T19:01:35","date_gmt":"2025-06-13T17:01:35","guid":{"rendered":"https:\/\/cuentia.es\/sin-categoria\/el-libro-que-guardaba-los-suenos-de-todos\/"},"modified":"2025-06-13T19:01:35","modified_gmt":"2025-06-13T17:01:35","slug":"el-libro-que-guardaba-los-suenos-de-todos","status":"publish","type":"post","link":"https:\/\/cuentia.es\/en\/cuentia\/el-libro-que-guardaba-los-suenos-de-todos\/","title":{"rendered":"El libro que guardaba los sue\u00f1os de todos"},"content":{"rendered":"<p>\u00c9rase una vez en el pueblo de Fantasilandia, un libro muy especial que ten\u00eda el poder de guardar los sue\u00f1os de todas las personas que viv\u00edan en \u00e9l. El libro se llamaba &#8216;El Gran Compendio de los Sue\u00f1os&#8217; y estaba custodiado por la guardiana del tiempo, la hada Miranda.<\/p>\n<p>Un d\u00eda, un terrible problema amenaz\u00f3 a Fantasilandia. Un monstruo llamado Sombr\u00edo, que se alimentaba de los sue\u00f1os de los habitantes del pueblo, hab\u00eda empezado a sembrar el caos y la tristeza. La hada Miranda se dio cuenta de que la \u00fanica forma de vencer a Sombr\u00edo era encontrar al portador de los sue\u00f1os m\u00e1s puros y valientes para que pudiera hacer frente al monstruo.<\/p>\n<p>As\u00ed que la hada convoc\u00f3 a todos los ni\u00f1os y ni\u00f1as del pueblo a la plaza mayor y les cont\u00f3 sobre la misi\u00f3n que deb\u00edan llevar a cabo. Entre los presentes, una ni\u00f1a llamada Valentina se ofreci\u00f3 voluntaria para adentrarse en el libro y enfrentarse al monstruo Sombr\u00edo.<\/p>\n<p>\u2014\u00bfEst\u00e1s segura de querer hacerlo, Valentina? \u2013 pregunt\u00f3 la hada Miranda con preocupaci\u00f3n.<\/p>\n<p>\u2014S\u00ed, hada Miranda. Har\u00e9 todo lo posible por proteger los sue\u00f1os de mi pueblo \u2013 respondi\u00f3 Valentina con determinaci\u00f3n.<\/p>\n<p>Con un gesto de su varita m\u00e1gica, la hada abri\u00f3 el libro y condujo a Valentina hacia su interior. La ni\u00f1a se encontr\u00f3 de repente en un mundo lleno de colores y formas extra\u00f1as, donde los sue\u00f1os de la gente se materializaban en peque\u00f1as luces brillantes.<\/p>\n<p>Pero en medio de aquel mundo maravilloso, Valentina vio a Sombr\u00edo, un monstruo gigantesco con los ojos oscuros que lanzaban destellos de tristeza. Sin embargo, la valiente ni\u00f1a record\u00f3 las palabras de la hada Miranda y se arm\u00f3 de coraje para enfrentarlo.<\/p>\n<p>\u2014\u00a1Sombr\u00edo, no permitir\u00e9 que sigas robando los sue\u00f1os de mi pueblo! \u2013 exclam\u00f3 Valentina con voz firme.<\/p>\n<p>El monstruo la mir\u00f3 con sorpresa y luego solt\u00f3 una carcajada que estremeci\u00f3 el suelo.<\/p>\n<p>\u2014Peque\u00f1a valiente, \u00bfcrees que puedes vencerme? Mis poderes son m\u00e1s fuertes que cualquier sue\u00f1o que puedas tener \u2013 dijo Sombr\u00edo con voz siniestra.<\/p>\n<p>Valentina record\u00f3 entonces las historias de valent\u00eda que su abuela le contaba antes de dormir y supo que ten\u00eda el poder dentro de ella para hacer frente al monstruo. Cerr\u00f3 los ojos y se concentr\u00f3 en un recuerdo feliz, en un sue\u00f1o lleno de luz y alegr\u00eda.<\/p>\n<p>De repente, el libro empez\u00f3 a temblar y todas las luces brillantes se unieron en un c\u00edrculo alrededor de Valentina. Con un gesto decidido, la ni\u00f1a lanz\u00f3 esa luz hacia Sombr\u00edo, que empez\u00f3 a reducirse de tama\u00f1o a medida que la luz lo tocaba.<\/p>\n<p>\u2014\u00a1No, esto no puede ser! \u2013 gritaba el monstruo mientras se debilitaba.<\/p>\n<p>Finalmente, Sombr\u00edo desapareci\u00f3 por completo en una explosi\u00f3n de destellos y el libro comenz\u00f3 a brillar con una luz m\u00e1s intensa que nunca. La hada Miranda apareci\u00f3 frente a Valentina con una sonrisa de orgullo en el rostro.<\/p>\n<p>\u2014Has demostrado ser la portadora de los sue\u00f1os m\u00e1s valientes, querida Valentina. Gracias a ti, Fantasilandia volver\u00e1 a ser un lugar lleno de alegr\u00eda y esperanza \u2013 dijo el hada.<\/p>\n<p>Valentina sali\u00f3 del libro y fue recibida con aplausos y muestras de cari\u00f1o por parte de todos los habitantes del pueblo. Desde ese d\u00eda, el libro guardaba los sue\u00f1os de todos de forma segura, protegidos por la valent\u00eda y el amor de una ni\u00f1a llamada Valentina.<\/p>\n<hr\/>\n<p>Ap\u00fantate a la newsletter y recibe cuentos como este directamente en tu correo electr\u00f3nico.<\/p>\n<div class=\"wp-block-contact-form-7-contact-form-selector\">\n<div class=\"wpcf7 no-js\" id=\"wpcf7-f759-o1\" lang=\"es-ES\" dir=\"ltr\" data-wpcf7-id=\"759\">\n<div class=\"screen-reader-response\"><p role=\"status\" aria-live=\"polite\" aria-atomic=\"true\"><\/p> <ul><\/ul><\/div>\n<form action=\"\/en\/wp-json\/wp\/v2\/posts\/1313#wpcf7-f759-o1\" method=\"post\" class=\"wpcf7-form init\" aria-label=\"Formulario de contacto\" novalidate=\"novalidate\" data-status=\"init\" data-trp-original-action=\"\/en\/wp-json\/wp\/v2\/posts\/1313#wpcf7-f759-o1\">\n<fieldset class=\"hidden-fields-container\"><input type=\"hidden\" name=\"_wpcf7\" value=\"759\" \/><input type=\"hidden\" name=\"_wpcf7_version\" value=\"6.1.5\" \/><input type=\"hidden\" name=\"_wpcf7_locale\" value=\"es_ES\" \/><input type=\"hidden\" name=\"_wpcf7_unit_tag\" value=\"wpcf7-f759-o1\" \/><input type=\"hidden\" name=\"_wpcf7_container_post\" value=\"0\" \/><input type=\"hidden\" name=\"_wpcf7_posted_data_hash\" value=\"\" \/>\n<\/fieldset>\n<p><label> Tu email aqu\u00ed <\/label><br \/>\n<span class=\"wpcf7-form-control-wrap\" data-name=\"your-email\"><input size=\"40\" maxlength=\"400\" class=\"wpcf7-form-control wpcf7-email wpcf7-validates-as-required wpcf7-text wpcf7-validates-as-email\" id=\"input_mail_suscription\" autocomplete=\"email\" aria-required=\"true\" aria-invalid=\"false\" value=\"\" type=\"email\" name=\"your-email\" \/><\/span>\n<\/p>\n<p><span class=\"wpcf7-form-control-wrap\" data-name=\"verify\"><span class=\"wpcf7-form-control wpcf7-checkbox wpcf7-validates-as-required\"><span class=\"wpcf7-list-item first last\"><label><input type=\"checkbox\" name=\"verify[]\" value=\"Estoy de acuerdo en recibir los cuentos en mi direcci\u00f3n de correo electr\u00f3nico\" \/><span class=\"wpcf7-list-item-label\">Estoy de acuerdo en recibir los cuentos en mi direcci\u00f3n de correo electr\u00f3nico<\/span><\/label><\/span><\/span><\/span>\n<\/p>\n<p><input class=\"wpcf7-form-control wpcf7-submit has-spinner\" id=\"submit_suscription\" type=\"submit\" value=\"Enviar\" \/>\n<\/p><input type=\"hidden\" id=\"gr_form_nonce\" name=\"gr_form_nonce\" value=\"b441e54fbd\" \/><input type=\"hidden\" name=\"_wp_http_referer\" value=\"\/en\/wp-json\/wp\/v2\/posts\/1313\" \/><div class=\"wpcf7-response-output\" aria-hidden=\"true\"><\/div>\n<input type=\"hidden\" name=\"trp-form-language\" value=\"en\"\/><\/form>\n<\/div>\n<\/div>","protected":false},"excerpt":{"rendered":"<p>\u00c9rase una vez en el pueblo de Fantasilandia, un libro muy especial que ten\u00eda el poder de guardar los sue\u00f1os de todas las personas que viv\u00edan en \u00e9l. El libro se llamaba &#8216;El Gran Compendio de los Sue\u00f1os&#8217; y estaba custodiado por la guardiana del tiempo, la hada Miranda. Un d\u00eda, un terrible problema amenaz\u00f3 &#8230; <a title=\"El libro que guardaba los sue\u00f1os de todos\" class=\"read-more\" href=\"https:\/\/cuentia.es\/en\/cuentia\/el-libro-que-guardaba-los-suenos-de-todos\/\" aria-label=\"Read more about El libro que guardaba los sue\u00f1os de todos\">Read more<\/a><\/p>","protected":false},"author":1,"featured_media":0,"comment_status":"","ping_status":"open","sticky":false,"template":"","format":"standard","meta":{"footnotes":""},"categories":[22],"tags":[],"class_list":["post-1313","post","type-post","status-publish","format-standard","hentry","category-cuentia"],"aioseo_notices":[],"_links":{"self":[{"href":"https:\/\/cuentia.es\/en\/wp-json\/wp\/v2\/posts\/1313","targetHints":{"allow":["GET"]}}],"collection":[{"href":"https:\/\/cuentia.es\/en\/wp-json\/wp\/v2\/posts"}],"about":[{"href":"https:\/\/cuentia.es\/en\/wp-json\/wp\/v2\/types\/post"}],"author":[{"embeddable":true,"href":"https:\/\/cuentia.es\/en\/wp-json\/wp\/v2\/users\/1"}],"replies":[{"embeddable":true,"href":"https:\/\/cuentia.es\/en\/wp-json\/wp\/v2\/comments?post=1313"}],"version-history":[{"count":0,"href":"https:\/\/cuentia.es\/en\/wp-json\/wp\/v2\/posts\/1313\/revisions"}],"wp:attachment":[{"href":"https:\/\/cuentia.es\/en\/wp-json\/wp\/v2\/media?parent=1313"}],"wp:term":[{"taxonomy":"category","embeddable":true,"href":"https:\/\/cuentia.es\/en\/wp-json\/wp\/v2\/categories?post=1313"},{"taxonomy":"post_tag","embeddable":true,"href":"https:\/\/cuentia.es\/en\/wp-json\/wp\/v2\/tags?post=1313"}],"curies":[{"name":"wp","href":"https:\/\/api.w.org\/{rel}","templated":true}]}}