{"id":1316,"date":"2025-06-16T19:01:07","date_gmt":"2025-06-16T17:01:07","guid":{"rendered":"https:\/\/cuentia.es\/sin-categoria\/el-gran-raton-de-la-montana-invisible\/"},"modified":"2025-06-16T19:01:07","modified_gmt":"2025-06-16T17:01:07","slug":"el-gran-raton-de-la-montana-invisible","status":"publish","type":"post","link":"https:\/\/cuentia.es\/en\/cuentia\/el-gran-raton-de-la-montana-invisible\/","title":{"rendered":"El gran rat\u00f3n de la monta\u00f1a invisible"},"content":{"rendered":"<p>Hab\u00eda una vez, en lo m\u00e1s alto de la monta\u00f1a invisible, un gran rat\u00f3n llamado Ratoncito. Ratoncito era muy valiente y siempre estaba dispuesto a ayudar a sus amigos del bosque.<\/p>\n<p>Un d\u00eda, una tremenda tormenta de nieve azot\u00f3 el bosque, y todos los animales quedaron atrapados en sus madrigueras. El conejito Caramelito, la ardilla Cascabel y el p\u00e1jaro Trinar se acercaron a Ratoncito en busca de ayuda.<\/p>\n<p>&#8216;\u00a1Oh, Ratoncito, por favor ay\u00fadanos!&#8217;, suplic\u00f3 Cascabel. &#8216;La entrada de nuestra madriguera est\u00e1 bloqueada por la nieve y no podemos salir&#8217;.<\/p>\n<p>Ratoncito, con su peque\u00f1a linterna en mano, se ofreci\u00f3 voluntario para resolver el problema. &#8216;No se preocupen, amigos, encontrar\u00e9 una soluci\u00f3n&#8217;, les dijo con decisi\u00f3n.<\/p>\n<p>Ratoncito se adentr\u00f3 en la densa nieve, avanzando con valent\u00eda a pesar de la ventisca. Con su agudo olfato, logr\u00f3 encontrar la entrada de la madriguera de Cascabel. Sin embargo, la nieve era tan espesa que era imposible abrirla.<\/p>\n<p>De repente, record\u00f3 una vieja historia que le cont\u00f3 su abuelita ratona sobre un antiguo hechizo que pod\u00eda invocar a los duendes de la monta\u00f1a. Sin dudarlo, Ratoncito cerr\u00f3 los ojos y pronunci\u00f3 las palabras m\u00e1gicas: &#8216;Monta\u00f1a invisible, duendes leales, os llamo en mi ayuda para salvar a mis amigos de las fauces del hielo&#8217;. Y en ese momento, los duendes acudieron en su auxilio.<\/p>\n<p>Los duendes, con sus diminutas manos, empezaron a mover la nieve con rapidez y destreza. En cuesti\u00f3n de minutos, lograron abrir un camino seguro para que Cascabel, Caramelito y Trinar pudieran salir de la madriguera sanos y salvos.<\/p>\n<p>Los animales del bosque celebraron emocionados la valent\u00eda y astucia de Ratoncito. &#8216;\u00a1Gracias, Ratoncito, por salvarnos!&#8217;, exclamaron a coro.<\/p>\n<p>Ratoncito, modesto como siempre, les sonri\u00f3 y les dijo: &#8216;En los momentos de dificultad, la amistad y la valent\u00eda siempre encontrar\u00e1n una soluci\u00f3n. \u00a1Nunca duden de su fuerza interior!&#8217;<\/p>\n<p>Desde entonces, Ratoncito fue conocido como el gran rat\u00f3n de la monta\u00f1a invisible, cuya valent\u00eda y sabidur\u00eda lo convirtieron en el h\u00e9roe del bosque para siempre.<\/p>\n<hr\/>\n<p>Ap\u00fantate a la newsletter y recibe cuentos como este directamente en tu correo electr\u00f3nico.<\/p>\n<div class=\"wp-block-contact-form-7-contact-form-selector\">\n<div class=\"wpcf7 no-js\" id=\"wpcf7-f759-o1\" lang=\"es-ES\" dir=\"ltr\" data-wpcf7-id=\"759\">\n<div class=\"screen-reader-response\"><p role=\"status\" aria-live=\"polite\" aria-atomic=\"true\"><\/p> <ul><\/ul><\/div>\n<form action=\"\/en\/wp-json\/wp\/v2\/posts\/1316#wpcf7-f759-o1\" method=\"post\" class=\"wpcf7-form init\" aria-label=\"Formulario de contacto\" novalidate=\"novalidate\" data-status=\"init\" data-trp-original-action=\"\/en\/wp-json\/wp\/v2\/posts\/1316#wpcf7-f759-o1\">\n<fieldset class=\"hidden-fields-container\"><input type=\"hidden\" name=\"_wpcf7\" value=\"759\" \/><input type=\"hidden\" name=\"_wpcf7_version\" value=\"6.1.5\" \/><input type=\"hidden\" name=\"_wpcf7_locale\" value=\"es_ES\" \/><input type=\"hidden\" name=\"_wpcf7_unit_tag\" value=\"wpcf7-f759-o1\" \/><input type=\"hidden\" name=\"_wpcf7_container_post\" value=\"0\" \/><input type=\"hidden\" name=\"_wpcf7_posted_data_hash\" value=\"\" \/>\n<\/fieldset>\n<p><label> Tu email aqu\u00ed <\/label><br \/>\n<span class=\"wpcf7-form-control-wrap\" data-name=\"your-email\"><input size=\"40\" maxlength=\"400\" class=\"wpcf7-form-control wpcf7-email wpcf7-validates-as-required wpcf7-text wpcf7-validates-as-email\" id=\"input_mail_suscription\" autocomplete=\"email\" aria-required=\"true\" aria-invalid=\"false\" value=\"\" type=\"email\" name=\"your-email\" \/><\/span>\n<\/p>\n<p><span class=\"wpcf7-form-control-wrap\" data-name=\"verify\"><span class=\"wpcf7-form-control wpcf7-checkbox wpcf7-validates-as-required\"><span class=\"wpcf7-list-item first last\"><label><input type=\"checkbox\" name=\"verify[]\" value=\"Estoy de acuerdo en recibir los cuentos en mi direcci\u00f3n de correo electr\u00f3nico\" \/><span class=\"wpcf7-list-item-label\">Estoy de acuerdo en recibir los cuentos en mi direcci\u00f3n de correo electr\u00f3nico<\/span><\/label><\/span><\/span><\/span>\n<\/p>\n<p><input class=\"wpcf7-form-control wpcf7-submit has-spinner\" id=\"submit_suscription\" type=\"submit\" value=\"Enviar\" \/>\n<\/p><input type=\"hidden\" id=\"gr_form_nonce\" name=\"gr_form_nonce\" value=\"b441e54fbd\" \/><input type=\"hidden\" name=\"_wp_http_referer\" value=\"\/en\/wp-json\/wp\/v2\/posts\/1316\" \/><div class=\"wpcf7-response-output\" aria-hidden=\"true\"><\/div>\n<input type=\"hidden\" name=\"trp-form-language\" value=\"en\"\/><\/form>\n<\/div>\n<\/div>","protected":false},"excerpt":{"rendered":"<p>Hab\u00eda una vez, en lo m\u00e1s alto de la monta\u00f1a invisible, un gran rat\u00f3n llamado Ratoncito. Ratoncito era muy valiente y siempre estaba dispuesto a ayudar a sus amigos del bosque. Un d\u00eda, una tremenda tormenta de nieve azot\u00f3 el bosque, y todos los animales quedaron atrapados en sus madrigueras. El conejito Caramelito, la ardilla &#8230; <a title=\"El gran rat\u00f3n de la monta\u00f1a invisible\" class=\"read-more\" href=\"https:\/\/cuentia.es\/en\/cuentia\/el-gran-raton-de-la-montana-invisible\/\" aria-label=\"Read more about El gran rat\u00f3n de la monta\u00f1a invisible\">Read more<\/a><\/p>","protected":false},"author":1,"featured_media":0,"comment_status":"","ping_status":"open","sticky":false,"template":"","format":"standard","meta":{"footnotes":""},"categories":[22],"tags":[],"class_list":["post-1316","post","type-post","status-publish","format-standard","hentry","category-cuentia"],"aioseo_notices":[],"_links":{"self":[{"href":"https:\/\/cuentia.es\/en\/wp-json\/wp\/v2\/posts\/1316","targetHints":{"allow":["GET"]}}],"collection":[{"href":"https:\/\/cuentia.es\/en\/wp-json\/wp\/v2\/posts"}],"about":[{"href":"https:\/\/cuentia.es\/en\/wp-json\/wp\/v2\/types\/post"}],"author":[{"embeddable":true,"href":"https:\/\/cuentia.es\/en\/wp-json\/wp\/v2\/users\/1"}],"replies":[{"embeddable":true,"href":"https:\/\/cuentia.es\/en\/wp-json\/wp\/v2\/comments?post=1316"}],"version-history":[{"count":0,"href":"https:\/\/cuentia.es\/en\/wp-json\/wp\/v2\/posts\/1316\/revisions"}],"wp:attachment":[{"href":"https:\/\/cuentia.es\/en\/wp-json\/wp\/v2\/media?parent=1316"}],"wp:term":[{"taxonomy":"category","embeddable":true,"href":"https:\/\/cuentia.es\/en\/wp-json\/wp\/v2\/categories?post=1316"},{"taxonomy":"post_tag","embeddable":true,"href":"https:\/\/cuentia.es\/en\/wp-json\/wp\/v2\/tags?post=1316"}],"curies":[{"name":"wp","href":"https:\/\/api.w.org\/{rel}","templated":true}]}}