{"id":1321,"date":"2025-06-21T19:00:42","date_gmt":"2025-06-21T17:00:42","guid":{"rendered":"https:\/\/cuentia.es\/sin-categoria\/el-perro-que-hacia-amigos-en-los-suenos\/"},"modified":"2025-06-21T19:00:42","modified_gmt":"2025-06-21T17:00:42","slug":"el-perro-que-hacia-amigos-en-los-suenos","status":"publish","type":"post","link":"https:\/\/cuentia.es\/en\/cuentia\/el-perro-que-hacia-amigos-en-los-suenos\/","title":{"rendered":"El perro que hac\u00eda amigos en los sue\u00f1os"},"content":{"rendered":"<p>Erase una vez, en un peque\u00f1o pueblo, un perro muy especial llamado Pelus\u00edn. Lo que hac\u00eda a Pelus\u00edn tan especial no era su pelaje suave como la seda, ni sus orejas largas como dos pl\u00e1tanos maduros, sino su incre\u00edble capacidad para hacer amigos en los sue\u00f1os.<\/p>\n<p>Todas las noches, Pelus\u00edn se acurrucaba en su camita y cerraba los ojos con mucha ilusi\u00f3n, deseando que llegara el momento de visitar el mundo de los sue\u00f1os, donde se encontraba con amigos nuevos y emocionantes.<\/p>\n<p>Un d\u00eda, Pelus\u00edn descubri\u00f3 que uno de los ni\u00f1os del pueblo, Luisito, ten\u00eda problemas para hacer amigos en la vida real. Luisito era un ni\u00f1o t\u00edmido que se sent\u00eda solo y triste la mayor parte del tiempo. Pelus\u00edn decidi\u00f3 entonces usar su don especial para ayudar a su nuevo amigo.<\/p>\n<p>Por las noches, Pelus\u00edn se esforzaba por llevar a Luisito a los sue\u00f1os m\u00e1s maravillosos y divertidos que se pudieran imaginar. Juntos volaban en globos de colores, navegaban en barcos de caramelos y jugaban con unicornios risue\u00f1os.<\/p>\n<p>Gracias a Pelus\u00edn, Luisito empez\u00f3 a sentirse m\u00e1s seguro de s\u00ed mismo. Sus ojos brillaban de alegr\u00eda cada ma\u00f1ana al recordar las aventuras compartidas con su amigo peludo en el mundo de los sue\u00f1os.<\/p>\n<p>Un d\u00eda, sin embargo, Pelus\u00edn descubri\u00f3 que ya no pod\u00eda visitar los sue\u00f1os de Luisito. Por m\u00e1s que lo intentaba, algo se lo imped\u00eda, como si una fuerza misteriosa se interpusiera en su camino.<\/p>\n<p>Preocupado, Pelus\u00edn decidi\u00f3 hablar con una vieja lechuza sabia que viv\u00eda en el bosque. La lechuza, con voz serena, le explic\u00f3 que los sue\u00f1os de Luisito estaban siendo invadidos por la sombra de una antigua tristeza que se negaba a desaparecer.<\/p>\n<p>\u2014Debes ayudar a Luisito a enfrentar sus miedos y tristezas en el mundo real para que pueda volver a disfrutar de los sue\u00f1os contigo \u2014aconsej\u00f3 la lechuza.<\/p>\n<p>Con el consejo en mente, Pelus\u00edn busc\u00f3 a Luisito al d\u00eda siguiente y, con ojos tiernos, le dijo:<\/p>\n<blockquote><p>\u2014Luisito, debes recordar que los sue\u00f1os son un reflejo de lo que llevamos en el coraz\u00f3n. Si queremos disfrutar juntos de nuevas aventuras en el mundo de los sue\u00f1os, primero debemos resolver tus preocupaciones en la vida real.<\/p><\/blockquote>\n<p>Luisito escuch\u00f3 atentamente las palabras de Pelus\u00edn y, con valent\u00eda, decidi\u00f3 hablar con sus padres sobre sus sentimientos de soledad y tristeza. Descubri\u00f3 que, al compartir sus preocupaciones, la sombra que oscurec\u00eda sus sue\u00f1os poco a poco se desvanec\u00eda.<\/p>\n<p>Desde ese d\u00eda, Pelus\u00edn y Luisito volvieron a disfrutar de sus travesuras nocturnas en el mundo de los sue\u00f1os. Juntos superaron dragones de la incertidumbre, treparon monta\u00f1as de la tristeza y cruzaron r\u00edos de l\u00e1grimas convertidos en risas.<\/p>\n<p>Y as\u00ed, Pelus\u00edn demostr\u00f3 una vez m\u00e1s que la verdadera amistad va m\u00e1s all\u00e1 de lo imaginable, traspasando los l\u00edmites entre la realidad y la fantas\u00eda, entre el d\u00eda y la noche, entre un ni\u00f1o y su perro so\u00f1ador.<\/p>\n<p>Y color\u00edn colorado, este cuento de amistad y sue\u00f1os ha terminado.<\/p>\n<hr\/>\n<p>Ap\u00fantate a la newsletter y recibe cuentos como este directamente en tu correo electr\u00f3nico.<\/p>\n<div class=\"wp-block-contact-form-7-contact-form-selector\">\n<div class=\"wpcf7 no-js\" id=\"wpcf7-f759-o1\" lang=\"es-ES\" dir=\"ltr\" data-wpcf7-id=\"759\">\n<div class=\"screen-reader-response\"><p role=\"status\" aria-live=\"polite\" aria-atomic=\"true\"><\/p> <ul><\/ul><\/div>\n<form action=\"\/en\/wp-json\/wp\/v2\/posts\/1321#wpcf7-f759-o1\" method=\"post\" class=\"wpcf7-form init\" aria-label=\"Formulario de contacto\" novalidate=\"novalidate\" data-status=\"init\" data-trp-original-action=\"\/en\/wp-json\/wp\/v2\/posts\/1321#wpcf7-f759-o1\">\n<fieldset class=\"hidden-fields-container\"><input type=\"hidden\" name=\"_wpcf7\" value=\"759\" \/><input type=\"hidden\" name=\"_wpcf7_version\" value=\"6.1.5\" \/><input type=\"hidden\" name=\"_wpcf7_locale\" value=\"es_ES\" \/><input type=\"hidden\" name=\"_wpcf7_unit_tag\" value=\"wpcf7-f759-o1\" \/><input type=\"hidden\" name=\"_wpcf7_container_post\" value=\"0\" \/><input type=\"hidden\" name=\"_wpcf7_posted_data_hash\" value=\"\" \/>\n<\/fieldset>\n<p><label> Tu email aqu\u00ed <\/label><br \/>\n<span class=\"wpcf7-form-control-wrap\" data-name=\"your-email\"><input size=\"40\" maxlength=\"400\" class=\"wpcf7-form-control wpcf7-email wpcf7-validates-as-required wpcf7-text wpcf7-validates-as-email\" id=\"input_mail_suscription\" autocomplete=\"email\" aria-required=\"true\" aria-invalid=\"false\" value=\"\" type=\"email\" name=\"your-email\" \/><\/span>\n<\/p>\n<p><span class=\"wpcf7-form-control-wrap\" data-name=\"verify\"><span class=\"wpcf7-form-control wpcf7-checkbox wpcf7-validates-as-required\"><span class=\"wpcf7-list-item first last\"><label><input type=\"checkbox\" name=\"verify[]\" value=\"Estoy de acuerdo en recibir los cuentos en mi direcci\u00f3n de correo electr\u00f3nico\" \/><span class=\"wpcf7-list-item-label\">Estoy de acuerdo en recibir los cuentos en mi direcci\u00f3n de correo electr\u00f3nico<\/span><\/label><\/span><\/span><\/span>\n<\/p>\n<p><input class=\"wpcf7-form-control wpcf7-submit has-spinner\" id=\"submit_suscription\" type=\"submit\" value=\"Enviar\" \/>\n<\/p><input type=\"hidden\" id=\"gr_form_nonce\" name=\"gr_form_nonce\" value=\"aa11b87d06\" \/><input type=\"hidden\" name=\"_wp_http_referer\" value=\"\/en\/wp-json\/wp\/v2\/posts\/1321\" \/><div class=\"wpcf7-response-output\" aria-hidden=\"true\"><\/div>\n<input type=\"hidden\" name=\"trp-form-language\" value=\"en\"\/><\/form>\n<\/div>\n<\/div>","protected":false},"excerpt":{"rendered":"<p>Erase una vez, en un peque\u00f1o pueblo, un perro muy especial llamado Pelus\u00edn. Lo que hac\u00eda a Pelus\u00edn tan especial no era su pelaje suave como la seda, ni sus orejas largas como dos pl\u00e1tanos maduros, sino su incre\u00edble capacidad para hacer amigos en los sue\u00f1os. Todas las noches, Pelus\u00edn se acurrucaba en su camita &#8230; <a title=\"El perro que hac\u00eda amigos en los sue\u00f1os\" class=\"read-more\" href=\"https:\/\/cuentia.es\/en\/cuentia\/el-perro-que-hacia-amigos-en-los-suenos\/\" aria-label=\"Read more about El perro que hac\u00eda amigos en los sue\u00f1os\">Read more<\/a><\/p>","protected":false},"author":1,"featured_media":0,"comment_status":"","ping_status":"open","sticky":false,"template":"","format":"standard","meta":{"footnotes":""},"categories":[22],"tags":[],"class_list":["post-1321","post","type-post","status-publish","format-standard","hentry","category-cuentia"],"aioseo_notices":[],"_links":{"self":[{"href":"https:\/\/cuentia.es\/en\/wp-json\/wp\/v2\/posts\/1321","targetHints":{"allow":["GET"]}}],"collection":[{"href":"https:\/\/cuentia.es\/en\/wp-json\/wp\/v2\/posts"}],"about":[{"href":"https:\/\/cuentia.es\/en\/wp-json\/wp\/v2\/types\/post"}],"author":[{"embeddable":true,"href":"https:\/\/cuentia.es\/en\/wp-json\/wp\/v2\/users\/1"}],"replies":[{"embeddable":true,"href":"https:\/\/cuentia.es\/en\/wp-json\/wp\/v2\/comments?post=1321"}],"version-history":[{"count":0,"href":"https:\/\/cuentia.es\/en\/wp-json\/wp\/v2\/posts\/1321\/revisions"}],"wp:attachment":[{"href":"https:\/\/cuentia.es\/en\/wp-json\/wp\/v2\/media?parent=1321"}],"wp:term":[{"taxonomy":"category","embeddable":true,"href":"https:\/\/cuentia.es\/en\/wp-json\/wp\/v2\/categories?post=1321"},{"taxonomy":"post_tag","embeddable":true,"href":"https:\/\/cuentia.es\/en\/wp-json\/wp\/v2\/tags?post=1321"}],"curies":[{"name":"wp","href":"https:\/\/api.w.org\/{rel}","templated":true}]}}