{"id":1325,"date":"2025-06-25T19:01:10","date_gmt":"2025-06-25T17:01:10","guid":{"rendered":"https:\/\/cuentia.es\/sin-categoria\/el-nino-que-encontro-el-azul-en-una-lagrima\/"},"modified":"2025-06-25T19:01:10","modified_gmt":"2025-06-25T17:01:10","slug":"el-nino-que-encontro-el-azul-en-una-lagrima","status":"publish","type":"post","link":"https:\/\/cuentia.es\/en\/cuentia\/el-nino-que-encontro-el-azul-en-una-lagrima\/","title":{"rendered":"El ni\u00f1o que encontr\u00f3 el azul en una l\u00e1grima"},"content":{"rendered":"<p>\u00c9rase una vez, en un peque\u00f1o pueblo rodeado de colinas verdes y r\u00edos cristalinos, viv\u00eda un ni\u00f1o llamado Lucas. Lucas ten\u00eda el cabello rizado como los rayos del sol al amanecer y unos ojos tan curiosos como el brillo de las estrellas en la noche. Pero a pesar de ser tan alegre y juguet\u00f3n, Lucas ten\u00eda un problema. Hab\u00eda perdido su caja de colores y ya no pod\u00eda pintar sus sue\u00f1os en el papel.<\/p>\n<p>Una tarde, mientras paseaba por el bosque cercano, Lucas escuch\u00f3 un leve sollozo proveniente de un roble centenario. Se acerc\u00f3 con curiosidad y descubri\u00f3 a una hada diminuta sentada en una hoja de tr\u00e9bol, con una l\u00e1grima cristalina rodando por su mejilla.<\/p>\n<p>\u2014\u00bfPor qu\u00e9 lloras, hadita? \u2014pregunt\u00f3 Lucas con ternura.<\/p>\n<p>\u2014He perdido el color azul de mis alas y ya no puedo volar \u2014respondi\u00f3 el hada con voz temblorosa.<\/p>\n<p>El coraz\u00f3n de Lucas se llen\u00f3 de compasi\u00f3n al ver a la hadita tan apenada. Record\u00f3 entonces las historias que su abuela sol\u00eda contarle, sobre las maravillas ocultas en el mundo que solo pueden ser descubiertas por aquellos que tienen un coraz\u00f3n puro y valiente.<\/p>\n<p>Decidido a ayudar a su nueva amiga, Lucas sec\u00f3 con cuidado la l\u00e1grima del hada con la punta de su camisa y le prometi\u00f3 encontrar el color azul que tanto anhelaba.<\/p>\n<p>As\u00ed, juntos emprendieron un viaje en busca del azul perdido. Recorrieron valles y monta\u00f1as, se adentraron en cuevas oscuras y surcaron r\u00edos caudalosos. Pero en todas partes, el azul parec\u00eda haber desaparecido por completo.<\/p>\n<p>Una noche, acurrucados junto a un viejo tronco hueco para resguardarse de la lluvia, la hadita susurr\u00f3 a Lucas:<\/p>\n<p>\u2014Dicen que el azul es el color de la nostalgia y la calma, de los sue\u00f1os que acarician el alma y los secretos que guardan las estrellas en su brillo. Quiz\u00e1s, para encontrar el azul que buscas, debes mirar en tu interior.<\/p>\n<p>Lucas reflexion\u00f3 sobre las palabras del hada y record\u00f3 las veces que hab\u00eda visto el cielo reflejado en el r\u00edo, el azul intenso de las mariposas revoloteando entre las flores y el brillo plateado de la luna en las noches despejadas. Entonces, una idea brillante ilumin\u00f3 su mente.<\/p>\n<p>Al amanecer, mientras el bosque se despertaba lentamente y los p\u00e1jaros entonaban su cantar matutino, Lucas pidi\u00f3 a la hadita que cerrara los ojos y confiara en \u00e9l. Con manos temblorosas, dibuj\u00f3 en el suelo h\u00famedo y cubierto de hojas una enorme esfera azul, con destellos plateados como gotas de roc\u00edo al sol.<\/p>\n<p>\u2014\u00a1Abre los ojos, hadita! \u2014exclam\u00f3 Lucas emocionado.<\/p>\n<p>El hada parpade\u00f3 varias veces, sin comprender al principio lo que ve\u00eda. Pero al enfocar la mirada en el dibujo de Lucas, sus ojos se iluminaron de asombro y gratitud.<\/p>\n<p>\u2014\u00a1El azul perdido! \u00a1Lo has encontrado en una l\u00e1grima de tristeza convertida en esperanza! \u2014exclam\u00f3 el hada con alegr\u00eda, mientras sus alas recobraban el brillo azul intenso que tanto ansiaba.<\/p>\n<p>Abraz\u00f3 a Lucas con fuerza, sintiendo en su coraz\u00f3n el agradecimiento y la magia de la amistad verdadera. Desde ese d\u00eda, el hada y el ni\u00f1o compartieron innumerables aventuras, descubriendo juntos que la verdadera belleza del mundo reside en los peque\u00f1os gestos de bondad y en la capacidad de ver m\u00e1s all\u00e1 de lo visible.<\/p>\n<p>Y as\u00ed, Lucas se convirti\u00f3 en el ni\u00f1o que encontr\u00f3 el azul perdido en una l\u00e1grima, demostrando que, aunque a veces los colores parezcan desvanecerse, siempre hay una chispa de luz capaz de devolverles su brillo y esplendor.<\/p>\n<hr\/>\n<p>Ap\u00fantate a la newsletter y recibe cuentos como este directamente en tu correo electr\u00f3nico.<\/p>\n<div class=\"wp-block-contact-form-7-contact-form-selector\">\n<div class=\"wpcf7 no-js\" id=\"wpcf7-f759-o1\" lang=\"es-ES\" dir=\"ltr\" data-wpcf7-id=\"759\">\n<div class=\"screen-reader-response\"><p role=\"status\" aria-live=\"polite\" aria-atomic=\"true\"><\/p> <ul><\/ul><\/div>\n<form action=\"\/en\/wp-json\/wp\/v2\/posts\/1325#wpcf7-f759-o1\" method=\"post\" class=\"wpcf7-form init\" aria-label=\"Formulario de contacto\" novalidate=\"novalidate\" data-status=\"init\" data-trp-original-action=\"\/en\/wp-json\/wp\/v2\/posts\/1325#wpcf7-f759-o1\">\n<fieldset class=\"hidden-fields-container\"><input type=\"hidden\" name=\"_wpcf7\" value=\"759\" \/><input type=\"hidden\" name=\"_wpcf7_version\" value=\"6.1.5\" \/><input type=\"hidden\" name=\"_wpcf7_locale\" value=\"es_ES\" \/><input type=\"hidden\" name=\"_wpcf7_unit_tag\" value=\"wpcf7-f759-o1\" \/><input type=\"hidden\" name=\"_wpcf7_container_post\" value=\"0\" \/><input type=\"hidden\" name=\"_wpcf7_posted_data_hash\" value=\"\" \/>\n<\/fieldset>\n<p><label> Tu email aqu\u00ed <\/label><br \/>\n<span class=\"wpcf7-form-control-wrap\" data-name=\"your-email\"><input size=\"40\" maxlength=\"400\" class=\"wpcf7-form-control wpcf7-email wpcf7-validates-as-required wpcf7-text wpcf7-validates-as-email\" id=\"input_mail_suscription\" autocomplete=\"email\" aria-required=\"true\" aria-invalid=\"false\" value=\"\" type=\"email\" name=\"your-email\" \/><\/span>\n<\/p>\n<p><span class=\"wpcf7-form-control-wrap\" data-name=\"verify\"><span class=\"wpcf7-form-control wpcf7-checkbox wpcf7-validates-as-required\"><span class=\"wpcf7-list-item first last\"><label><input type=\"checkbox\" name=\"verify[]\" value=\"Estoy de acuerdo en recibir los cuentos en mi direcci\u00f3n de correo electr\u00f3nico\" \/><span class=\"wpcf7-list-item-label\">Estoy de acuerdo en recibir los cuentos en mi direcci\u00f3n de correo electr\u00f3nico<\/span><\/label><\/span><\/span><\/span>\n<\/p>\n<p><input class=\"wpcf7-form-control wpcf7-submit has-spinner\" id=\"submit_suscription\" type=\"submit\" value=\"Enviar\" \/>\n<\/p><input type=\"hidden\" id=\"gr_form_nonce\" name=\"gr_form_nonce\" value=\"b441e54fbd\" \/><input type=\"hidden\" name=\"_wp_http_referer\" value=\"\/en\/wp-json\/wp\/v2\/posts\/1325\" \/><div class=\"wpcf7-response-output\" aria-hidden=\"true\"><\/div>\n<input type=\"hidden\" name=\"trp-form-language\" value=\"en\"\/><\/form>\n<\/div>\n<\/div>","protected":false},"excerpt":{"rendered":"<p>\u00c9rase una vez, en un peque\u00f1o pueblo rodeado de colinas verdes y r\u00edos cristalinos, viv\u00eda un ni\u00f1o llamado Lucas. Lucas ten\u00eda el cabello rizado como los rayos del sol al amanecer y unos ojos tan curiosos como el brillo de las estrellas en la noche. Pero a pesar de ser tan alegre y juguet\u00f3n, Lucas &#8230; <a title=\"El ni\u00f1o que encontr\u00f3 el azul en una l\u00e1grima\" class=\"read-more\" href=\"https:\/\/cuentia.es\/en\/cuentia\/el-nino-que-encontro-el-azul-en-una-lagrima\/\" aria-label=\"Read more about El ni\u00f1o que encontr\u00f3 el azul en una l\u00e1grima\">Read more<\/a><\/p>","protected":false},"author":1,"featured_media":0,"comment_status":"","ping_status":"open","sticky":false,"template":"","format":"standard","meta":{"footnotes":""},"categories":[22],"tags":[],"class_list":["post-1325","post","type-post","status-publish","format-standard","hentry","category-cuentia"],"aioseo_notices":[],"_links":{"self":[{"href":"https:\/\/cuentia.es\/en\/wp-json\/wp\/v2\/posts\/1325","targetHints":{"allow":["GET"]}}],"collection":[{"href":"https:\/\/cuentia.es\/en\/wp-json\/wp\/v2\/posts"}],"about":[{"href":"https:\/\/cuentia.es\/en\/wp-json\/wp\/v2\/types\/post"}],"author":[{"embeddable":true,"href":"https:\/\/cuentia.es\/en\/wp-json\/wp\/v2\/users\/1"}],"replies":[{"embeddable":true,"href":"https:\/\/cuentia.es\/en\/wp-json\/wp\/v2\/comments?post=1325"}],"version-history":[{"count":0,"href":"https:\/\/cuentia.es\/en\/wp-json\/wp\/v2\/posts\/1325\/revisions"}],"wp:attachment":[{"href":"https:\/\/cuentia.es\/en\/wp-json\/wp\/v2\/media?parent=1325"}],"wp:term":[{"taxonomy":"category","embeddable":true,"href":"https:\/\/cuentia.es\/en\/wp-json\/wp\/v2\/categories?post=1325"},{"taxonomy":"post_tag","embeddable":true,"href":"https:\/\/cuentia.es\/en\/wp-json\/wp\/v2\/tags?post=1325"}],"curies":[{"name":"wp","href":"https:\/\/api.w.org\/{rel}","templated":true}]}}