{"id":1328,"date":"2025-06-28T19:01:02","date_gmt":"2025-06-28T17:01:02","guid":{"rendered":"https:\/\/cuentia.es\/sin-categoria\/la-linterna-que-iluminaba-mundos-invisibles\/"},"modified":"2025-06-28T19:01:02","modified_gmt":"2025-06-28T17:01:02","slug":"la-linterna-que-iluminaba-mundos-invisibles","status":"publish","type":"post","link":"https:\/\/cuentia.es\/en\/cuentia\/la-linterna-que-iluminaba-mundos-invisibles\/","title":{"rendered":"La linterna que iluminaba mundos invisibles"},"content":{"rendered":"<p>\u00c9rase una vez en un bosque encantado, viv\u00eda una ni\u00f1a llamada Clara. Clara era una ni\u00f1a muy curiosa a la que le encantaba explorar cada rinc\u00f3n del bosque en busca de aventuras. Un d\u00eda, mientras caminaba por un sendero desconocido, Clara se encontr\u00f3 con una misteriosa linterna que brillaba con una luz especial.<\/p>\n<p>Clara, intrigada, decidi\u00f3 coger la linterna y seguir su brillo. Para su sorpresa, al encenderla, la linterna iluminaba mundos invisibles, mundos llenos de maravillas y criaturas m\u00e1gicas que solo pod\u00edan ser vistas con la luz de la linterna.<\/p>\n<p>Emocionada, Clara se adentr\u00f3 en estos nuevos mundos invisibles y conoci\u00f3 a Pipo, un duende travieso que hab\u00eda perdido su varita m\u00e1gica. Sin su varita, Pipo no pod\u00eda hacer que las flores florecieran ni que los arco\u00edris pintaran el cielo.<\/p>\n<p>Clara, con valent\u00eda, se ofreci\u00f3 a ayudar a Pipo a encontrar su varita m\u00e1gica. Juntos, recorrieron bosques encantados, cruzaron r\u00edos de cristal y escalaron monta\u00f1as de algod\u00f3n de az\u00facar. Hasta que, finalmente, llegaron al Bosque de los Susurros, donde se rumoreaba que la varita m\u00e1gica hab\u00eda sido escondida por el malvado brujo Oscurotenebroso.<\/p>\n<p>Ante ellos se alzaba una torre oscura y siniestra, donde se dec\u00eda que Oscurotenebroso guardaba todos sus tesoros. Con la linterna iluminando su camino, Clara y Pipo entraron en la torre, decididos a encontrar la varita m\u00e1gica y derrotar al brujo.<\/p>\n<p>En cada rinc\u00f3n oscuro de la torre, la linterna revelaba secretos escondidos y trampas peligrosas. Pero Clara y Pipo, con ingenio y trabajo en equipo, lograron esquivar cada obst\u00e1culo hasta llegar a la cima de la torre, donde encontraron a Oscurotenebroso riendo con malicia.<\/p>\n<p>Con valent\u00eda, Clara se acerc\u00f3 al brujo y, con un destello de la linterna, ilumin\u00f3 su malvado coraz\u00f3n, mostr\u00e1ndole la belleza y la magia que a\u00fan exist\u00edan en el mundo. Conmovido por la luz, Oscurotenebroso entreg\u00f3 la varita m\u00e1gica a Pipo y prometi\u00f3 cambiar su actitud.<\/p>\n<p>As\u00ed, Clara y Pipo regresaron al Bosque de los Susurros, donde Pipo, con su varita m\u00e1gica recuperada, hizo que las flores florecieran en colores brillantes y los arco\u00edris iluminaran el cielo con su resplandor. Clara, contenta de haber ayudado a su nuevo amigo, supo que con un poco de luz y bondad, incluso los mundos invisibles pod\u00edan transformarse en lugares maravillosos.<\/p>\n<p>Y color\u00edn colorado, este cuento de la linterna que iluminaba mundos invisibles se ha acabado.<\/p>\n<hr\/>\n<p>Ap\u00fantate a la newsletter y recibe cuentos como este directamente en tu correo electr\u00f3nico.<\/p>\n<div class=\"wp-block-contact-form-7-contact-form-selector\">\n<div class=\"wpcf7 no-js\" id=\"wpcf7-f759-o1\" lang=\"es-ES\" dir=\"ltr\" data-wpcf7-id=\"759\">\n<div class=\"screen-reader-response\"><p role=\"status\" aria-live=\"polite\" aria-atomic=\"true\"><\/p> <ul><\/ul><\/div>\n<form action=\"\/en\/wp-json\/wp\/v2\/posts\/1328#wpcf7-f759-o1\" method=\"post\" class=\"wpcf7-form init\" aria-label=\"Formulario de contacto\" novalidate=\"novalidate\" data-status=\"init\" data-trp-original-action=\"\/en\/wp-json\/wp\/v2\/posts\/1328#wpcf7-f759-o1\">\n<fieldset class=\"hidden-fields-container\"><input type=\"hidden\" name=\"_wpcf7\" value=\"759\" \/><input type=\"hidden\" name=\"_wpcf7_version\" value=\"6.1.5\" \/><input type=\"hidden\" name=\"_wpcf7_locale\" value=\"es_ES\" \/><input type=\"hidden\" name=\"_wpcf7_unit_tag\" value=\"wpcf7-f759-o1\" \/><input type=\"hidden\" name=\"_wpcf7_container_post\" value=\"0\" \/><input type=\"hidden\" name=\"_wpcf7_posted_data_hash\" value=\"\" \/>\n<\/fieldset>\n<p><label> Tu email aqu\u00ed <\/label><br \/>\n<span class=\"wpcf7-form-control-wrap\" data-name=\"your-email\"><input size=\"40\" maxlength=\"400\" class=\"wpcf7-form-control wpcf7-email wpcf7-validates-as-required wpcf7-text wpcf7-validates-as-email\" id=\"input_mail_suscription\" autocomplete=\"email\" aria-required=\"true\" aria-invalid=\"false\" value=\"\" type=\"email\" name=\"your-email\" \/><\/span>\n<\/p>\n<p><span class=\"wpcf7-form-control-wrap\" data-name=\"verify\"><span class=\"wpcf7-form-control wpcf7-checkbox wpcf7-validates-as-required\"><span class=\"wpcf7-list-item first last\"><label><input type=\"checkbox\" name=\"verify[]\" value=\"Estoy de acuerdo en recibir los cuentos en mi direcci\u00f3n de correo electr\u00f3nico\" \/><span class=\"wpcf7-list-item-label\">Estoy de acuerdo en recibir los cuentos en mi direcci\u00f3n de correo electr\u00f3nico<\/span><\/label><\/span><\/span><\/span>\n<\/p>\n<p><input class=\"wpcf7-form-control wpcf7-submit has-spinner\" id=\"submit_suscription\" type=\"submit\" value=\"Enviar\" \/>\n<\/p><input type=\"hidden\" id=\"gr_form_nonce\" name=\"gr_form_nonce\" value=\"aa11b87d06\" \/><input type=\"hidden\" name=\"_wp_http_referer\" value=\"\/en\/wp-json\/wp\/v2\/posts\/1328\" \/><div class=\"wpcf7-response-output\" aria-hidden=\"true\"><\/div>\n<input type=\"hidden\" name=\"trp-form-language\" value=\"en\"\/><\/form>\n<\/div>\n<\/div>","protected":false},"excerpt":{"rendered":"<p>\u00c9rase una vez en un bosque encantado, viv\u00eda una ni\u00f1a llamada Clara. Clara era una ni\u00f1a muy curiosa a la que le encantaba explorar cada rinc\u00f3n del bosque en busca de aventuras. Un d\u00eda, mientras caminaba por un sendero desconocido, Clara se encontr\u00f3 con una misteriosa linterna que brillaba con una luz especial. Clara, intrigada, &#8230; <a title=\"La linterna que iluminaba mundos invisibles\" class=\"read-more\" href=\"https:\/\/cuentia.es\/en\/cuentia\/la-linterna-que-iluminaba-mundos-invisibles\/\" aria-label=\"Read more about La linterna que iluminaba mundos invisibles\">Read more<\/a><\/p>","protected":false},"author":1,"featured_media":0,"comment_status":"","ping_status":"open","sticky":false,"template":"","format":"standard","meta":{"footnotes":""},"categories":[22],"tags":[],"class_list":["post-1328","post","type-post","status-publish","format-standard","hentry","category-cuentia"],"aioseo_notices":[],"_links":{"self":[{"href":"https:\/\/cuentia.es\/en\/wp-json\/wp\/v2\/posts\/1328","targetHints":{"allow":["GET"]}}],"collection":[{"href":"https:\/\/cuentia.es\/en\/wp-json\/wp\/v2\/posts"}],"about":[{"href":"https:\/\/cuentia.es\/en\/wp-json\/wp\/v2\/types\/post"}],"author":[{"embeddable":true,"href":"https:\/\/cuentia.es\/en\/wp-json\/wp\/v2\/users\/1"}],"replies":[{"embeddable":true,"href":"https:\/\/cuentia.es\/en\/wp-json\/wp\/v2\/comments?post=1328"}],"version-history":[{"count":0,"href":"https:\/\/cuentia.es\/en\/wp-json\/wp\/v2\/posts\/1328\/revisions"}],"wp:attachment":[{"href":"https:\/\/cuentia.es\/en\/wp-json\/wp\/v2\/media?parent=1328"}],"wp:term":[{"taxonomy":"category","embeddable":true,"href":"https:\/\/cuentia.es\/en\/wp-json\/wp\/v2\/categories?post=1328"},{"taxonomy":"post_tag","embeddable":true,"href":"https:\/\/cuentia.es\/en\/wp-json\/wp\/v2\/tags?post=1328"}],"curies":[{"name":"wp","href":"https:\/\/api.w.org\/{rel}","templated":true}]}}