{"id":1331,"date":"2025-06-29T19:00:40","date_gmt":"2025-06-29T17:00:40","guid":{"rendered":"https:\/\/cuentia.es\/sin-categoria\/el-dragon-que-vivia-bajo-la-cama-de-marta\/"},"modified":"2025-06-29T19:00:40","modified_gmt":"2025-06-29T17:00:40","slug":"el-dragon-que-vivia-bajo-la-cama-de-marta","status":"publish","type":"post","link":"https:\/\/cuentia.es\/en\/cuentia\/el-dragon-que-vivia-bajo-la-cama-de-marta\/","title":{"rendered":"El drag\u00f3n que viv\u00eda bajo la cama de Marta"},"content":{"rendered":"<p><html><head><\/head><body><\/p>\n<h1>El drag\u00f3n que viv\u00eda bajo la cama de Marta<\/h1>\n<p>Hab\u00eda una vez, en un peque\u00f1o pueblo encantado, una ni\u00f1a llamada Marta. Marta era valiente y curiosa, le encantaba leer libros de princesas y aventuras, pero lo que m\u00e1s le apasionaba era descubrir cosas nuevas en su habitaci\u00f3n.<\/p>\n<p>Una noche, mientras Marta se preparaba para dormir, escuch\u00f3 un ruido extra\u00f1o que ven\u00eda de bajo la cama. \u00a1Era un drag\u00f3n que hab\u00eda decidido hacer de ese lugar su hogar!<\/p>\n<p>&#8216;\u00a1Oh, no!&#8217;, exclam\u00f3 Marta asustada, &#8216;\u00bfC\u00f3mo puedo sacar a este drag\u00f3n de aqu\u00ed?&#8217;<\/p>\n<p>El drag\u00f3n, asustado tambi\u00e9n, respondi\u00f3 entre murmullos: &#8216;Yo solo quer\u00eda tener un lugar acogedor donde dormir&#8230;&#8217;<\/p>\n<p>Marta, recordando todas las historias de valent\u00eda que hab\u00eda le\u00eddo en sus libros, decidi\u00f3 enfrentar la situaci\u00f3n con ingenio. &#8216;No te preocupes, drag\u00f3n&#8217;, dijo con determinaci\u00f3n, &#8216;juntos encontraremos una soluci\u00f3n&#8217;.<\/p>\n<p>As\u00ed, Marta y el drag\u00f3n empezaron a pensar en diferentes maneras de resolver el problema. &#8216;Podr\u00edamos buscar otro lugar donde puedas dormir tranquilo&#8217;, sugiri\u00f3 Marta.<\/p>\n<p>&#8216;Pero me encanta estar cerca de ti&#8217;, admiti\u00f3 el drag\u00f3n con timidez.<\/p>\n<p>Entonces, Marta tuvo una brillante idea. &#8216;\u00bfQu\u00e9 tal si te construyo una cama especial aqu\u00ed al lado de la m\u00eda? As\u00ed podr\u00e1s estar cerca de m\u00ed y ambos podremos dormir tranquilos&#8217;. El drag\u00f3n, emocionado por la propuesta, asinti\u00f3 con entusiasmo.<\/p>\n<p>Llenos de energ\u00eda, Marta y el drag\u00f3n se pusieron manos a la obra. Buscaron materiales en el desv\u00e1n de la casa y, con la ayuda de algunas herramientas, construyeron una hermosa cama para el drag\u00f3n. \u00a1Estaba perfecta!<\/p>\n<p>A partir de esa noche, el drag\u00f3n dorm\u00eda pl\u00e1cidamente en su nueva cama al lado de Marta. Juntos compart\u00edan sue\u00f1os y aventuras, convirti\u00e9ndose en grandes amigos.<\/p>\n<p>Y color\u00edn colorado, este cuento ha terminado. Que nunca te falte la valent\u00eda y la creatividad para resolver los problemas que encuentres en tu camino,<\/p>\n<p>\u00a1Hasta la pr\u00f3xima aventura!<\/p>\n<p><\/body><\/html><\/p>\n<hr\/>\n<p>Ap\u00fantate a la newsletter y recibe cuentos como este directamente en tu correo electr\u00f3nico.<\/p>\n<div class=\"wp-block-contact-form-7-contact-form-selector\">\n<div class=\"wpcf7 no-js\" id=\"wpcf7-f759-o1\" lang=\"es-ES\" dir=\"ltr\" data-wpcf7-id=\"759\">\n<div class=\"screen-reader-response\"><p role=\"status\" aria-live=\"polite\" aria-atomic=\"true\"><\/p> <ul><\/ul><\/div>\n<form action=\"\/en\/wp-json\/wp\/v2\/posts\/1331#wpcf7-f759-o1\" method=\"post\" class=\"wpcf7-form init\" aria-label=\"Formulario de contacto\" novalidate=\"novalidate\" data-status=\"init\" data-trp-original-action=\"\/en\/wp-json\/wp\/v2\/posts\/1331#wpcf7-f759-o1\">\n<fieldset class=\"hidden-fields-container\"><input type=\"hidden\" name=\"_wpcf7\" value=\"759\" \/><input type=\"hidden\" name=\"_wpcf7_version\" value=\"6.1.5\" \/><input type=\"hidden\" name=\"_wpcf7_locale\" value=\"es_ES\" \/><input type=\"hidden\" name=\"_wpcf7_unit_tag\" value=\"wpcf7-f759-o1\" \/><input type=\"hidden\" name=\"_wpcf7_container_post\" value=\"0\" \/><input type=\"hidden\" name=\"_wpcf7_posted_data_hash\" value=\"\" \/>\n<\/fieldset>\n<p><label> Tu email aqu\u00ed <\/label><br \/>\n<span class=\"wpcf7-form-control-wrap\" data-name=\"your-email\"><input size=\"40\" maxlength=\"400\" class=\"wpcf7-form-control wpcf7-email wpcf7-validates-as-required wpcf7-text wpcf7-validates-as-email\" id=\"input_mail_suscription\" autocomplete=\"email\" aria-required=\"true\" aria-invalid=\"false\" value=\"\" type=\"email\" name=\"your-email\" \/><\/span>\n<\/p>\n<p><span class=\"wpcf7-form-control-wrap\" data-name=\"verify\"><span class=\"wpcf7-form-control wpcf7-checkbox wpcf7-validates-as-required\"><span class=\"wpcf7-list-item first last\"><label><input type=\"checkbox\" name=\"verify[]\" value=\"Estoy de acuerdo en recibir los cuentos en mi direcci\u00f3n de correo electr\u00f3nico\" \/><span class=\"wpcf7-list-item-label\">Estoy de acuerdo en recibir los cuentos en mi direcci\u00f3n de correo electr\u00f3nico<\/span><\/label><\/span><\/span><\/span>\n<\/p>\n<p><input class=\"wpcf7-form-control wpcf7-submit has-spinner\" id=\"submit_suscription\" type=\"submit\" value=\"Enviar\" \/>\n<\/p><input type=\"hidden\" id=\"gr_form_nonce\" name=\"gr_form_nonce\" value=\"aa11b87d06\" \/><input type=\"hidden\" name=\"_wp_http_referer\" value=\"\/en\/wp-json\/wp\/v2\/posts\/1331\" \/><div class=\"wpcf7-response-output\" aria-hidden=\"true\"><\/div>\n<input type=\"hidden\" name=\"trp-form-language\" value=\"en\"\/><\/form>\n<\/div>\n<\/div>","protected":false},"excerpt":{"rendered":"<p>El drag\u00f3n que viv\u00eda bajo la cama de Marta Hab\u00eda una vez, en un peque\u00f1o pueblo encantado, una ni\u00f1a llamada Marta. Marta era valiente y curiosa, le encantaba leer libros de princesas y aventuras, pero lo que m\u00e1s le apasionaba era descubrir cosas nuevas en su habitaci\u00f3n. Una noche, mientras Marta se preparaba para dormir, &#8230; <a title=\"El drag\u00f3n que viv\u00eda bajo la cama de Marta\" class=\"read-more\" href=\"https:\/\/cuentia.es\/en\/cuentia\/el-dragon-que-vivia-bajo-la-cama-de-marta\/\" aria-label=\"Read more about El drag\u00f3n que viv\u00eda bajo la cama de Marta\">Read more<\/a><\/p>","protected":false},"author":1,"featured_media":0,"comment_status":"","ping_status":"open","sticky":false,"template":"","format":"standard","meta":{"footnotes":""},"categories":[22],"tags":[],"class_list":["post-1331","post","type-post","status-publish","format-standard","hentry","category-cuentia"],"aioseo_notices":[],"_links":{"self":[{"href":"https:\/\/cuentia.es\/en\/wp-json\/wp\/v2\/posts\/1331","targetHints":{"allow":["GET"]}}],"collection":[{"href":"https:\/\/cuentia.es\/en\/wp-json\/wp\/v2\/posts"}],"about":[{"href":"https:\/\/cuentia.es\/en\/wp-json\/wp\/v2\/types\/post"}],"author":[{"embeddable":true,"href":"https:\/\/cuentia.es\/en\/wp-json\/wp\/v2\/users\/1"}],"replies":[{"embeddable":true,"href":"https:\/\/cuentia.es\/en\/wp-json\/wp\/v2\/comments?post=1331"}],"version-history":[{"count":0,"href":"https:\/\/cuentia.es\/en\/wp-json\/wp\/v2\/posts\/1331\/revisions"}],"wp:attachment":[{"href":"https:\/\/cuentia.es\/en\/wp-json\/wp\/v2\/media?parent=1331"}],"wp:term":[{"taxonomy":"category","embeddable":true,"href":"https:\/\/cuentia.es\/en\/wp-json\/wp\/v2\/categories?post=1331"},{"taxonomy":"post_tag","embeddable":true,"href":"https:\/\/cuentia.es\/en\/wp-json\/wp\/v2\/tags?post=1331"}],"curies":[{"name":"wp","href":"https:\/\/api.w.org\/{rel}","templated":true}]}}