{"id":1332,"date":"2025-06-30T19:01:01","date_gmt":"2025-06-30T17:01:01","guid":{"rendered":"https:\/\/cuentia.es\/sin-categoria\/el-ejercito-de-las-canicas-parlantes\/"},"modified":"2025-06-30T19:01:01","modified_gmt":"2025-06-30T17:01:01","slug":"el-ejercito-de-las-canicas-parlantes","status":"publish","type":"post","link":"https:\/\/cuentia.es\/en\/cuentia\/el-ejercito-de-las-canicas-parlantes\/","title":{"rendered":"El ej\u00e9rcito de las canicas parlantes"},"content":{"rendered":"<p>En lo m\u00e1s profundo del bosque encantado viv\u00eda un grupo especial de canicas m\u00e1gicas que ten\u00edan el poder de hablar. Estas canicas, conocidas como el ej\u00e9rcito de las canicas parlantes, eran guardianes de la armon\u00eda en el bosque y estaban siempre listas para ayudar a quienes lo necesitaran.<\/p>\n<p>Un d\u00eda, lleg\u00f3 al bosque un pajarito herido llamado Lunita. Hab\u00eda sido atacado por un gato travieso y no pod\u00eda volar. Las canicas, al escuchar sus chillidos de dolor, acudieron r\u00e1pidamente en su ayuda.<\/p>\n<p>\u2015\u00bfQu\u00e9 te ha sucedido, peque\u00f1o pajarito? &#8211;pregunt\u00f3 Azulita, la canica m\u00e1s brillante del ej\u00e9rcito.<\/p>\n<p>\u2015Un gato me atac\u00f3 y ahora no puedo volar para regresar a mi hogar &#8211;respondi\u00f3 Lunita con voz temblorosa.<\/p>\n<p>Las canicas, enseguida, se pusieron en acci\u00f3n. Todas rodaron hacia el gato travieso y, con sus voces m\u00e1gicas, le pidieron que dejara en paz al pajarito indefenso.<\/p>\n<p>\u2015\u00a1Miau, eso no es asunto suyo, canicas entrometidas! &#8211;maull\u00f3 el gato burl\u00f3n.<\/p>\n<p>\u2015Somos las guardianas de la armon\u00eda en el bosque y no permitiremos que lastimen a nuestros amigos &#8211;dijo Azulita con valent\u00eda.<\/p>\n<p>Las canicas comenzaron a brillar intensamente y a girar alrededor del gato, creando una barrera de luz que lo dej\u00f3 cegado. El gato, asustado, sali\u00f3 corriendo y prometi\u00f3 no volver a molestar a los habitantes del bosque.<\/p>\n<p>Lunita, agradecida, mir\u00f3 a las canicas con ojos llenos de asombro.<\/p>\n<p>\u2015\u00a1Gracias, amigas canicas! Sin su valent\u00eda, no s\u00e9 qu\u00e9 habr\u00eda sido de m\u00ed &#8211;expres\u00f3 el pajarito conmovido.<\/p>\n<p>\u2015Estamos aqu\u00ed para proteger a todos los seres del bosque y garantizar la paz &#8211;dijo Azulita con orgullo.<\/p>\n<p>Desde ese d\u00eda, Lunita se convirti\u00f3 en amigo del ej\u00e9rcito de las canicas parlantes y juntos vivieron muchas aventuras en el bosque encantado. La valent\u00eda y la amistad siempre reinaron en aquel lugar gracias a la bondad y el poder de las canicas m\u00e1gicas.<\/p>\n<hr\/>\n<p>Ap\u00fantate a la newsletter y recibe cuentos como este directamente en tu correo electr\u00f3nico.<\/p>\n<div class=\"wp-block-contact-form-7-contact-form-selector\">\n<div class=\"wpcf7 no-js\" id=\"wpcf7-f759-o1\" lang=\"es-ES\" dir=\"ltr\" data-wpcf7-id=\"759\">\n<div class=\"screen-reader-response\"><p role=\"status\" aria-live=\"polite\" aria-atomic=\"true\"><\/p> <ul><\/ul><\/div>\n<form action=\"\/en\/wp-json\/wp\/v2\/posts\/1332#wpcf7-f759-o1\" method=\"post\" class=\"wpcf7-form init\" aria-label=\"Formulario de contacto\" novalidate=\"novalidate\" data-status=\"init\" data-trp-original-action=\"\/en\/wp-json\/wp\/v2\/posts\/1332#wpcf7-f759-o1\">\n<fieldset class=\"hidden-fields-container\"><input type=\"hidden\" name=\"_wpcf7\" value=\"759\" \/><input type=\"hidden\" name=\"_wpcf7_version\" value=\"6.1.5\" \/><input type=\"hidden\" name=\"_wpcf7_locale\" value=\"es_ES\" \/><input type=\"hidden\" name=\"_wpcf7_unit_tag\" value=\"wpcf7-f759-o1\" \/><input type=\"hidden\" name=\"_wpcf7_container_post\" value=\"0\" \/><input type=\"hidden\" name=\"_wpcf7_posted_data_hash\" value=\"\" \/>\n<\/fieldset>\n<p><label> Tu email aqu\u00ed <\/label><br \/>\n<span class=\"wpcf7-form-control-wrap\" data-name=\"your-email\"><input size=\"40\" maxlength=\"400\" class=\"wpcf7-form-control wpcf7-email wpcf7-validates-as-required wpcf7-text wpcf7-validates-as-email\" id=\"input_mail_suscription\" autocomplete=\"email\" aria-required=\"true\" aria-invalid=\"false\" value=\"\" type=\"email\" name=\"your-email\" \/><\/span>\n<\/p>\n<p><span class=\"wpcf7-form-control-wrap\" data-name=\"verify\"><span class=\"wpcf7-form-control wpcf7-checkbox wpcf7-validates-as-required\"><span class=\"wpcf7-list-item first last\"><label><input type=\"checkbox\" name=\"verify[]\" value=\"Estoy de acuerdo en recibir los cuentos en mi direcci\u00f3n de correo electr\u00f3nico\" \/><span class=\"wpcf7-list-item-label\">Estoy de acuerdo en recibir los cuentos en mi direcci\u00f3n de correo electr\u00f3nico<\/span><\/label><\/span><\/span><\/span>\n<\/p>\n<p><input class=\"wpcf7-form-control wpcf7-submit has-spinner\" id=\"submit_suscription\" type=\"submit\" value=\"Enviar\" \/>\n<\/p><input type=\"hidden\" id=\"gr_form_nonce\" name=\"gr_form_nonce\" value=\"aa11b87d06\" \/><input type=\"hidden\" name=\"_wp_http_referer\" value=\"\/en\/wp-json\/wp\/v2\/posts\/1332\" \/><div class=\"wpcf7-response-output\" aria-hidden=\"true\"><\/div>\n<input type=\"hidden\" name=\"trp-form-language\" value=\"en\"\/><\/form>\n<\/div>\n<\/div>","protected":false},"excerpt":{"rendered":"<p>En lo m\u00e1s profundo del bosque encantado viv\u00eda un grupo especial de canicas m\u00e1gicas que ten\u00edan el poder de hablar. Estas canicas, conocidas como el ej\u00e9rcito de las canicas parlantes, eran guardianes de la armon\u00eda en el bosque y estaban siempre listas para ayudar a quienes lo necesitaran. Un d\u00eda, lleg\u00f3 al bosque un pajarito &#8230; <a title=\"El ej\u00e9rcito de las canicas parlantes\" class=\"read-more\" href=\"https:\/\/cuentia.es\/en\/cuentia\/el-ejercito-de-las-canicas-parlantes\/\" aria-label=\"Read more about El ej\u00e9rcito de las canicas parlantes\">Read more<\/a><\/p>","protected":false},"author":1,"featured_media":0,"comment_status":"","ping_status":"open","sticky":false,"template":"","format":"standard","meta":{"footnotes":""},"categories":[22],"tags":[],"class_list":["post-1332","post","type-post","status-publish","format-standard","hentry","category-cuentia"],"aioseo_notices":[],"_links":{"self":[{"href":"https:\/\/cuentia.es\/en\/wp-json\/wp\/v2\/posts\/1332","targetHints":{"allow":["GET"]}}],"collection":[{"href":"https:\/\/cuentia.es\/en\/wp-json\/wp\/v2\/posts"}],"about":[{"href":"https:\/\/cuentia.es\/en\/wp-json\/wp\/v2\/types\/post"}],"author":[{"embeddable":true,"href":"https:\/\/cuentia.es\/en\/wp-json\/wp\/v2\/users\/1"}],"replies":[{"embeddable":true,"href":"https:\/\/cuentia.es\/en\/wp-json\/wp\/v2\/comments?post=1332"}],"version-history":[{"count":0,"href":"https:\/\/cuentia.es\/en\/wp-json\/wp\/v2\/posts\/1332\/revisions"}],"wp:attachment":[{"href":"https:\/\/cuentia.es\/en\/wp-json\/wp\/v2\/media?parent=1332"}],"wp:term":[{"taxonomy":"category","embeddable":true,"href":"https:\/\/cuentia.es\/en\/wp-json\/wp\/v2\/categories?post=1332"},{"taxonomy":"post_tag","embeddable":true,"href":"https:\/\/cuentia.es\/en\/wp-json\/wp\/v2\/tags?post=1332"}],"curies":[{"name":"wp","href":"https:\/\/api.w.org\/{rel}","templated":true}]}}