{"id":1339,"date":"2025-07-07T19:01:29","date_gmt":"2025-07-07T17:01:29","guid":{"rendered":"https:\/\/cuentia.es\/sin-categoria\/los-amigos-del-libro-encantado\/"},"modified":"2025-07-07T19:01:29","modified_gmt":"2025-07-07T17:01:29","slug":"los-amigos-del-libro-encantado","status":"publish","type":"post","link":"https:\/\/cuentia.es\/en\/cuentia\/los-amigos-del-libro-encantado\/","title":{"rendered":"Los amigos del libro encantado"},"content":{"rendered":"<p>\u00c9rase una vez en un peque\u00f1o pueblo encantado, viv\u00edan tres amigos muy curiosos llamados Luc\u00eda, Pablo y Marta. Un d\u00eda, mientras exploraban el bosque, encontraron un libro muy antiguo y misterioso. Al abrirlo, descubrieron que las palabras cobraban vida y los transportaban a un mundo lleno de aventuras.<\/p>\n<p>Los tres amigos se adentraron en el libro encantado y se encontraron en un bosque m\u00e1gico, donde los \u00e1rboles hablaban y los animales bailaban al son de la melod\u00eda del viento. Pero pronto descubrieron que el libro estaba en peligro, ya que un malvado hechicero quer\u00eda apoderarse de \u00e9l y as\u00ed controlar todos los cuentos del mundo.<\/p>\n<p>\u2014\u00a1Tenemos que detener al hechicero y salvar el libro encantado! \u2014exclam\u00f3 Luc\u00eda con valent\u00eda.<\/p>\n<p>Los amigos emprendieron entonces un viaje lleno de peligros y desaf\u00edos. En su camino, se encontraron con el hada de los deseos, que les concedi\u00f3 tres dones especiales: la inteligencia de Pablo, la valent\u00eda de Marta y la creatividad de Luc\u00eda.<\/p>\n<p>Finalmente, llegaron al castillo del hechicero, donde se libr\u00f3 una gran batalla entre el bien y el mal. Con astucia y trabajo en equipo, lograron vencer al hechicero y devolver el libro encantado a su lugar seguro.<\/p>\n<p>\u2014\u00a1Lo logramos! \u00a1Hemos salvado el libro encantado! \u2014exclamaron los amigos con alegr\u00eda.<\/p>\n<p>El libro agradeci\u00f3 a los valientes amigos y les concedi\u00f3 un deseo a cada uno. Pablo dese\u00f3 que en el pueblo siempre hubiera paz, Marta dese\u00f3 que todos los ni\u00f1os fueran felices y Luc\u00eda dese\u00f3 seguir viviendo grandes aventuras junto a sus amigos.<\/p>\n<p>Y as\u00ed, los amigos del libro encantado regresaron al mundo real, habiendo aprendido el valor de la amistad, la valent\u00eda y la importancia de trabajar juntos para superar cualquier desaf\u00edo. Desde entonces, visitaban el libro encantado cada vez que necesitaban inspiraci\u00f3n y recordaban con cari\u00f1o la incre\u00edble aventura que vivieron.<\/p>\n<hr\/>\n<p>Ap\u00fantate a la newsletter y recibe cuentos como este directamente en tu correo electr\u00f3nico.<\/p>\n<div class=\"wp-block-contact-form-7-contact-form-selector\">\n<div class=\"wpcf7 no-js\" id=\"wpcf7-f759-o1\" lang=\"es-ES\" dir=\"ltr\" data-wpcf7-id=\"759\">\n<div class=\"screen-reader-response\"><p role=\"status\" aria-live=\"polite\" aria-atomic=\"true\"><\/p> <ul><\/ul><\/div>\n<form action=\"\/en\/wp-json\/wp\/v2\/posts\/1339#wpcf7-f759-o1\" method=\"post\" class=\"wpcf7-form init\" aria-label=\"Formulario de contacto\" novalidate=\"novalidate\" data-status=\"init\" data-trp-original-action=\"\/en\/wp-json\/wp\/v2\/posts\/1339#wpcf7-f759-o1\">\n<fieldset class=\"hidden-fields-container\"><input type=\"hidden\" name=\"_wpcf7\" value=\"759\" \/><input type=\"hidden\" name=\"_wpcf7_version\" value=\"6.1.5\" \/><input type=\"hidden\" name=\"_wpcf7_locale\" value=\"es_ES\" \/><input type=\"hidden\" name=\"_wpcf7_unit_tag\" value=\"wpcf7-f759-o1\" \/><input type=\"hidden\" name=\"_wpcf7_container_post\" value=\"0\" \/><input type=\"hidden\" name=\"_wpcf7_posted_data_hash\" value=\"\" \/>\n<\/fieldset>\n<p><label> Tu email aqu\u00ed <\/label><br \/>\n<span class=\"wpcf7-form-control-wrap\" data-name=\"your-email\"><input size=\"40\" maxlength=\"400\" class=\"wpcf7-form-control wpcf7-email wpcf7-validates-as-required wpcf7-text wpcf7-validates-as-email\" id=\"input_mail_suscription\" autocomplete=\"email\" aria-required=\"true\" aria-invalid=\"false\" value=\"\" type=\"email\" name=\"your-email\" \/><\/span>\n<\/p>\n<p><span class=\"wpcf7-form-control-wrap\" data-name=\"verify\"><span class=\"wpcf7-form-control wpcf7-checkbox wpcf7-validates-as-required\"><span class=\"wpcf7-list-item first last\"><label><input type=\"checkbox\" name=\"verify[]\" value=\"Estoy de acuerdo en recibir los cuentos en mi direcci\u00f3n de correo electr\u00f3nico\" \/><span class=\"wpcf7-list-item-label\">Estoy de acuerdo en recibir los cuentos en mi direcci\u00f3n de correo electr\u00f3nico<\/span><\/label><\/span><\/span><\/span>\n<\/p>\n<p><input class=\"wpcf7-form-control wpcf7-submit has-spinner\" id=\"submit_suscription\" type=\"submit\" value=\"Enviar\" \/>\n<\/p><input type=\"hidden\" id=\"gr_form_nonce\" name=\"gr_form_nonce\" value=\"167d9a1d23\" \/><input type=\"hidden\" name=\"_wp_http_referer\" value=\"\/en\/wp-json\/wp\/v2\/posts\/1339\" \/><div class=\"wpcf7-response-output\" aria-hidden=\"true\"><\/div>\n<input type=\"hidden\" name=\"trp-form-language\" value=\"en\"\/><\/form>\n<\/div>\n<\/div>","protected":false},"excerpt":{"rendered":"<p>\u00c9rase una vez en un peque\u00f1o pueblo encantado, viv\u00edan tres amigos muy curiosos llamados Luc\u00eda, Pablo y Marta. Un d\u00eda, mientras exploraban el bosque, encontraron un libro muy antiguo y misterioso. Al abrirlo, descubrieron que las palabras cobraban vida y los transportaban a un mundo lleno de aventuras. Los tres amigos se adentraron en el &#8230; <a title=\"Los amigos del libro encantado\" class=\"read-more\" href=\"https:\/\/cuentia.es\/en\/cuentia\/los-amigos-del-libro-encantado\/\" aria-label=\"Read more about Los amigos del libro encantado\">Read more<\/a><\/p>","protected":false},"author":1,"featured_media":0,"comment_status":"","ping_status":"open","sticky":false,"template":"","format":"standard","meta":{"footnotes":""},"categories":[22],"tags":[],"class_list":["post-1339","post","type-post","status-publish","format-standard","hentry","category-cuentia"],"aioseo_notices":[],"_links":{"self":[{"href":"https:\/\/cuentia.es\/en\/wp-json\/wp\/v2\/posts\/1339","targetHints":{"allow":["GET"]}}],"collection":[{"href":"https:\/\/cuentia.es\/en\/wp-json\/wp\/v2\/posts"}],"about":[{"href":"https:\/\/cuentia.es\/en\/wp-json\/wp\/v2\/types\/post"}],"author":[{"embeddable":true,"href":"https:\/\/cuentia.es\/en\/wp-json\/wp\/v2\/users\/1"}],"replies":[{"embeddable":true,"href":"https:\/\/cuentia.es\/en\/wp-json\/wp\/v2\/comments?post=1339"}],"version-history":[{"count":0,"href":"https:\/\/cuentia.es\/en\/wp-json\/wp\/v2\/posts\/1339\/revisions"}],"wp:attachment":[{"href":"https:\/\/cuentia.es\/en\/wp-json\/wp\/v2\/media?parent=1339"}],"wp:term":[{"taxonomy":"category","embeddable":true,"href":"https:\/\/cuentia.es\/en\/wp-json\/wp\/v2\/categories?post=1339"},{"taxonomy":"post_tag","embeddable":true,"href":"https:\/\/cuentia.es\/en\/wp-json\/wp\/v2\/tags?post=1339"}],"curies":[{"name":"wp","href":"https:\/\/api.w.org\/{rel}","templated":true}]}}