{"id":1350,"date":"2025-07-25T19:01:02","date_gmt":"2025-07-25T17:01:02","guid":{"rendered":"https:\/\/cuentia.es\/sin-categoria\/el-rincon-donde-los-libros-cobran-vida\/"},"modified":"2025-07-25T19:01:02","modified_gmt":"2025-07-25T17:01:02","slug":"el-rincon-donde-los-libros-cobran-vida","status":"publish","type":"post","link":"https:\/\/cuentia.es\/en\/cuentia\/el-rincon-donde-los-libros-cobran-vida\/","title":{"rendered":"El rinc\u00f3n donde los libros cobran vida"},"content":{"rendered":"<p>En un peque\u00f1o pueblo, al final de la calle principal, se encontraba una librer\u00eda muy especial llamada <strong>El rinc\u00f3n donde los libros cobran vida<\/strong>. En esta librer\u00eda, los libros m\u00e1gicos cobraban vida cuando ca\u00eda la noche, bailando y cantando animadamente.<\/p>\n<p>Un d\u00eda, Marta, una ni\u00f1a curiosa de 7 a\u00f1os, entr\u00f3 en la librer\u00eda buscando un libro nuevo para leer. Mientras ojeaba los estantes, un libro en particular llam\u00f3 su atenci\u00f3n. Se trataba de <em>El misterio del bosque encantado<\/em>, un libro antiguo con una preciosa portada de \u00e1rboles luminosos.<\/p>\n<p>Marta decidi\u00f3 llevar ese libro a casa y, esa noche, mientras le\u00eda en su cama, algo incre\u00edble sucedi\u00f3. Las p\u00e1ginas del libro empezaron a brillar y los personajes cobraron vida saliendo de las p\u00e1ginas.<\/p>\n<p>El hada del bosque, el duende travieso y el sabio b\u00faho le contaron a Marta que estaban atrapados en las p\u00e1ginas del libro por un hechizo malvado y que necesitaban su ayuda para romperlo.<\/p>\n<p>Con valent\u00eda, Marta decidi\u00f3 enfrentarse al malvado mago que los hab\u00eda encerrado. Los personajes del libro la guiaron a trav\u00e9s del bosque encantado, lleno de criaturas m\u00e1gicas y peligros inimaginables.<\/p>\n<p>Finalmente, llegaron al castillo del mago, donde Marta tuvo que resolver una serie de acertijos para deshacer el hechizo. Con ingenio y astucia, logr\u00f3 resolver cada enigma, liberando a los personajes del libro.<\/p>\n<p>Una vez liberados, los personajes agradecieron a Marta su valent\u00eda y coraje. El hada del bosque le otorg\u00f3 una varita m\u00e1gica que le conceder\u00eda un deseo.<\/p>\n<p>Sin dudarlo, Marta dese\u00f3 que todos los libros m\u00e1gicos del mundo pudieran cobrar vida y traer alegr\u00eda a m\u00e1s personas. En ese momento, la librer\u00eda <strong>El rinc\u00f3n donde los libros cobran vida<\/strong> se ilumin\u00f3 con una luz c\u00e1lida y brillante, y todos los libros cobraron vida, bailando y cantando alrededor de Marta.<\/p>\n<p>y colorin colorado, este cuento m\u00e1gico se ha acabado.<\/p>\n<hr\/>\n<p>Ap\u00fantate a la newsletter y recibe cuentos como este directamente en tu correo electr\u00f3nico.<\/p>\n<div class=\"wp-block-contact-form-7-contact-form-selector\">\n<div class=\"wpcf7 no-js\" id=\"wpcf7-f759-o1\" lang=\"es-ES\" dir=\"ltr\" data-wpcf7-id=\"759\">\n<div class=\"screen-reader-response\"><p role=\"status\" aria-live=\"polite\" aria-atomic=\"true\"><\/p> <ul><\/ul><\/div>\n<form action=\"\/en\/wp-json\/wp\/v2\/posts\/1350#wpcf7-f759-o1\" method=\"post\" class=\"wpcf7-form init\" aria-label=\"Formulario de contacto\" novalidate=\"novalidate\" data-status=\"init\" data-trp-original-action=\"\/en\/wp-json\/wp\/v2\/posts\/1350#wpcf7-f759-o1\">\n<fieldset class=\"hidden-fields-container\"><input type=\"hidden\" name=\"_wpcf7\" value=\"759\" \/><input type=\"hidden\" name=\"_wpcf7_version\" value=\"6.1.5\" \/><input type=\"hidden\" name=\"_wpcf7_locale\" value=\"es_ES\" \/><input type=\"hidden\" name=\"_wpcf7_unit_tag\" value=\"wpcf7-f759-o1\" \/><input type=\"hidden\" name=\"_wpcf7_container_post\" value=\"0\" \/><input type=\"hidden\" name=\"_wpcf7_posted_data_hash\" value=\"\" \/>\n<\/fieldset>\n<p><label> Tu email aqu\u00ed <\/label><br \/>\n<span class=\"wpcf7-form-control-wrap\" data-name=\"your-email\"><input size=\"40\" maxlength=\"400\" class=\"wpcf7-form-control wpcf7-email wpcf7-validates-as-required wpcf7-text wpcf7-validates-as-email\" id=\"input_mail_suscription\" autocomplete=\"email\" aria-required=\"true\" aria-invalid=\"false\" value=\"\" type=\"email\" name=\"your-email\" \/><\/span>\n<\/p>\n<p><span class=\"wpcf7-form-control-wrap\" data-name=\"verify\"><span class=\"wpcf7-form-control wpcf7-checkbox wpcf7-validates-as-required\"><span class=\"wpcf7-list-item first last\"><label><input type=\"checkbox\" name=\"verify[]\" value=\"Estoy de acuerdo en recibir los cuentos en mi direcci\u00f3n de correo electr\u00f3nico\" \/><span class=\"wpcf7-list-item-label\">Estoy de acuerdo en recibir los cuentos en mi direcci\u00f3n de correo electr\u00f3nico<\/span><\/label><\/span><\/span><\/span>\n<\/p>\n<p><input class=\"wpcf7-form-control wpcf7-submit has-spinner\" id=\"submit_suscription\" type=\"submit\" value=\"Enviar\" \/>\n<\/p><input type=\"hidden\" id=\"gr_form_nonce\" name=\"gr_form_nonce\" value=\"b3aa5f7f4c\" \/><input type=\"hidden\" name=\"_wp_http_referer\" value=\"\/en\/wp-json\/wp\/v2\/posts\/1350\" \/><div class=\"wpcf7-response-output\" aria-hidden=\"true\"><\/div>\n<input type=\"hidden\" name=\"trp-form-language\" value=\"en\"\/><\/form>\n<\/div>\n<\/div>","protected":false},"excerpt":{"rendered":"<p>En un peque\u00f1o pueblo, al final de la calle principal, se encontraba una librer\u00eda muy especial llamada El rinc\u00f3n donde los libros cobran vida. En esta librer\u00eda, los libros m\u00e1gicos cobraban vida cuando ca\u00eda la noche, bailando y cantando animadamente. Un d\u00eda, Marta, una ni\u00f1a curiosa de 7 a\u00f1os, entr\u00f3 en la librer\u00eda buscando un &#8230; <a title=\"El rinc\u00f3n donde los libros cobran vida\" class=\"read-more\" href=\"https:\/\/cuentia.es\/en\/cuentia\/el-rincon-donde-los-libros-cobran-vida\/\" aria-label=\"Read more about El rinc\u00f3n donde los libros cobran vida\">Read more<\/a><\/p>","protected":false},"author":1,"featured_media":0,"comment_status":"","ping_status":"open","sticky":false,"template":"","format":"standard","meta":{"footnotes":""},"categories":[22],"tags":[],"class_list":["post-1350","post","type-post","status-publish","format-standard","hentry","category-cuentia"],"aioseo_notices":[],"_links":{"self":[{"href":"https:\/\/cuentia.es\/en\/wp-json\/wp\/v2\/posts\/1350","targetHints":{"allow":["GET"]}}],"collection":[{"href":"https:\/\/cuentia.es\/en\/wp-json\/wp\/v2\/posts"}],"about":[{"href":"https:\/\/cuentia.es\/en\/wp-json\/wp\/v2\/types\/post"}],"author":[{"embeddable":true,"href":"https:\/\/cuentia.es\/en\/wp-json\/wp\/v2\/users\/1"}],"replies":[{"embeddable":true,"href":"https:\/\/cuentia.es\/en\/wp-json\/wp\/v2\/comments?post=1350"}],"version-history":[{"count":0,"href":"https:\/\/cuentia.es\/en\/wp-json\/wp\/v2\/posts\/1350\/revisions"}],"wp:attachment":[{"href":"https:\/\/cuentia.es\/en\/wp-json\/wp\/v2\/media?parent=1350"}],"wp:term":[{"taxonomy":"category","embeddable":true,"href":"https:\/\/cuentia.es\/en\/wp-json\/wp\/v2\/categories?post=1350"},{"taxonomy":"post_tag","embeddable":true,"href":"https:\/\/cuentia.es\/en\/wp-json\/wp\/v2\/tags?post=1350"}],"curies":[{"name":"wp","href":"https:\/\/api.w.org\/{rel}","templated":true}]}}