{"id":1352,"date":"2025-07-27T19:01:08","date_gmt":"2025-07-27T17:01:08","guid":{"rendered":"https:\/\/cuentia.es\/sin-categoria\/la-fabrica-de-colores-olvidados\/"},"modified":"2025-07-27T19:01:08","modified_gmt":"2025-07-27T17:01:08","slug":"la-fabrica-de-colores-olvidados","status":"publish","type":"post","link":"https:\/\/cuentia.es\/en\/cuentia\/la-fabrica-de-colores-olvidados\/","title":{"rendered":"La f\u00e1brica de colores olvidados"},"content":{"rendered":"<p>\u00c9rase una vez en el m\u00e1gico Valle de los Sue\u00f1os, donde todo era posible, una peque\u00f1a hada llamada Luna. Luna era la encargada de mantener todo el valle lleno de colores brillantes y alegres. Con su varita m\u00e1gica, pintaba cada flor, \u00e1rbol y animal con tonos vibrantes que hac\u00edan feliz a cualquiera que los viese.<\/p>\n<p>Un d\u00eda, mientras Luna revoloteaba por el valle, se dio cuenta de que los colores comenzaban a desvanecerse. Las flores ya no eran tan brillantes y los \u00e1rboles parec\u00edan marchitos. Alarmada, decidi\u00f3 emprender un viaje en busca de la causa de aquel extra\u00f1o suceso.<\/p>\n<p>Despu\u00e9s de buscar y buscar, Luna descubri\u00f3 una vieja f\u00e1brica en las afueras del valle. La fachada de la f\u00e1brica estaba cubierta de polvo y parec\u00eda abandonada. Intrigada, decidi\u00f3 entrar y lo que vio la dej\u00f3 sin aliento. \u00a1Era la f\u00e1brica de colores olvidados! En ese lugar, se fabricaban los colores que ya nadie usaba o recordaba.<\/p>\n<p>En la f\u00e1brica, Luna conoci\u00f3 a Chroma, el guardian de los colores olvidados. Chroma le explic\u00f3 a Luna que se sent\u00eda triste porque nadie valoraba los colores que produc\u00eda y por eso hab\u00edan dejado de brillar en el Valle de los Sue\u00f1os. Luna, conmovida por la historia de Chroma, decidi\u00f3 ayudarle a devolver la magia a los colores olvidados.<\/p>\n<p>Juntos, Luna y Chroma idearon un plan. Primero, ten\u00edan que convencer a los habitantes del Valle de los Sue\u00f1os de la importancia de cada color, por muy olvidado que pareciera. As\u00ed que organizaron una gran fiesta, donde cada color tendr\u00eda su momento para brillar y demostrar su belleza \u00fanica.<\/p>\n<p>Los habitantes del valle quedaron maravillados al ver la variedad de colores y tonos que hab\u00edan estado olvidados por tanto tiempo. Todos recordaron lo especial que era cada uno y prometieron nunca m\u00e1s ignorar su belleza.<\/p>\n<p>Con los corazones de los habitantes del Valle de los Sue\u00f1os llenos de alegr\u00eda y gratitud, Luna y Chroma regresaron a la f\u00e1brica de colores olvidados. Ahora, en lugar de producir colores para olvidar, la f\u00e1brica se dedicaba a crear nuevos colores que alegraban los corazones de todos en el valle.<\/p>\n<p>Y as\u00ed, gracias a la valent\u00eda y bondad de Luna y Chroma, el Valle de los Sue\u00f1os volvi\u00f3 a ser un lugar lleno de colores brillantes y alegres, donde cada tono, por muy olvidado que estuviera, era apreciado y valorado. Y color\u00edn colorado, este cuento de colores ha terminado.<\/p>\n<hr\/>\n<p>Ap\u00fantate a la newsletter y recibe cuentos como este directamente en tu correo electr\u00f3nico.<\/p>\n<div class=\"wp-block-contact-form-7-contact-form-selector\">\n<div class=\"wpcf7 no-js\" id=\"wpcf7-f759-o1\" lang=\"es-ES\" dir=\"ltr\" data-wpcf7-id=\"759\">\n<div class=\"screen-reader-response\"><p role=\"status\" aria-live=\"polite\" aria-atomic=\"true\"><\/p> <ul><\/ul><\/div>\n<form action=\"\/en\/wp-json\/wp\/v2\/posts\/1352#wpcf7-f759-o1\" method=\"post\" class=\"wpcf7-form init\" aria-label=\"Formulario de contacto\" novalidate=\"novalidate\" data-status=\"init\" data-trp-original-action=\"\/en\/wp-json\/wp\/v2\/posts\/1352#wpcf7-f759-o1\">\n<fieldset class=\"hidden-fields-container\"><input type=\"hidden\" name=\"_wpcf7\" value=\"759\" \/><input type=\"hidden\" name=\"_wpcf7_version\" value=\"6.1.5\" \/><input type=\"hidden\" name=\"_wpcf7_locale\" value=\"es_ES\" \/><input type=\"hidden\" name=\"_wpcf7_unit_tag\" value=\"wpcf7-f759-o1\" \/><input type=\"hidden\" name=\"_wpcf7_container_post\" value=\"0\" \/><input type=\"hidden\" name=\"_wpcf7_posted_data_hash\" value=\"\" \/>\n<\/fieldset>\n<p><label> Tu email aqu\u00ed <\/label><br \/>\n<span class=\"wpcf7-form-control-wrap\" data-name=\"your-email\"><input size=\"40\" maxlength=\"400\" class=\"wpcf7-form-control wpcf7-email wpcf7-validates-as-required wpcf7-text wpcf7-validates-as-email\" id=\"input_mail_suscription\" autocomplete=\"email\" aria-required=\"true\" aria-invalid=\"false\" value=\"\" type=\"email\" name=\"your-email\" \/><\/span>\n<\/p>\n<p><span class=\"wpcf7-form-control-wrap\" data-name=\"verify\"><span class=\"wpcf7-form-control wpcf7-checkbox wpcf7-validates-as-required\"><span class=\"wpcf7-list-item first last\"><label><input type=\"checkbox\" name=\"verify[]\" value=\"Estoy de acuerdo en recibir los cuentos en mi direcci\u00f3n de correo electr\u00f3nico\" \/><span class=\"wpcf7-list-item-label\">Estoy de acuerdo en recibir los cuentos en mi direcci\u00f3n de correo electr\u00f3nico<\/span><\/label><\/span><\/span><\/span>\n<\/p>\n<p><input class=\"wpcf7-form-control wpcf7-submit has-spinner\" id=\"submit_suscription\" type=\"submit\" value=\"Enviar\" \/>\n<\/p><input type=\"hidden\" id=\"gr_form_nonce\" name=\"gr_form_nonce\" value=\"b3aa5f7f4c\" \/><input type=\"hidden\" name=\"_wp_http_referer\" value=\"\/en\/wp-json\/wp\/v2\/posts\/1352\" \/><div class=\"wpcf7-response-output\" aria-hidden=\"true\"><\/div>\n<input type=\"hidden\" name=\"trp-form-language\" value=\"en\"\/><\/form>\n<\/div>\n<\/div>","protected":false},"excerpt":{"rendered":"<p>\u00c9rase una vez en el m\u00e1gico Valle de los Sue\u00f1os, donde todo era posible, una peque\u00f1a hada llamada Luna. Luna era la encargada de mantener todo el valle lleno de colores brillantes y alegres. Con su varita m\u00e1gica, pintaba cada flor, \u00e1rbol y animal con tonos vibrantes que hac\u00edan feliz a cualquiera que los viese. &#8230; <a title=\"La f\u00e1brica de colores olvidados\" class=\"read-more\" href=\"https:\/\/cuentia.es\/en\/cuentia\/la-fabrica-de-colores-olvidados\/\" aria-label=\"Read more about La f\u00e1brica de colores olvidados\">Read more<\/a><\/p>","protected":false},"author":1,"featured_media":0,"comment_status":"","ping_status":"open","sticky":false,"template":"","format":"standard","meta":{"footnotes":""},"categories":[22],"tags":[],"class_list":["post-1352","post","type-post","status-publish","format-standard","hentry","category-cuentia"],"aioseo_notices":[],"_links":{"self":[{"href":"https:\/\/cuentia.es\/en\/wp-json\/wp\/v2\/posts\/1352","targetHints":{"allow":["GET"]}}],"collection":[{"href":"https:\/\/cuentia.es\/en\/wp-json\/wp\/v2\/posts"}],"about":[{"href":"https:\/\/cuentia.es\/en\/wp-json\/wp\/v2\/types\/post"}],"author":[{"embeddable":true,"href":"https:\/\/cuentia.es\/en\/wp-json\/wp\/v2\/users\/1"}],"replies":[{"embeddable":true,"href":"https:\/\/cuentia.es\/en\/wp-json\/wp\/v2\/comments?post=1352"}],"version-history":[{"count":0,"href":"https:\/\/cuentia.es\/en\/wp-json\/wp\/v2\/posts\/1352\/revisions"}],"wp:attachment":[{"href":"https:\/\/cuentia.es\/en\/wp-json\/wp\/v2\/media?parent=1352"}],"wp:term":[{"taxonomy":"category","embeddable":true,"href":"https:\/\/cuentia.es\/en\/wp-json\/wp\/v2\/categories?post=1352"},{"taxonomy":"post_tag","embeddable":true,"href":"https:\/\/cuentia.es\/en\/wp-json\/wp\/v2\/tags?post=1352"}],"curies":[{"name":"wp","href":"https:\/\/api.w.org\/{rel}","templated":true}]}}