{"id":1353,"date":"2025-07-28T19:01:44","date_gmt":"2025-07-28T17:01:44","guid":{"rendered":"https:\/\/cuentia.es\/sin-categoria\/el-marinero-que-navegaba-entre-suenos\/"},"modified":"2025-07-28T19:01:44","modified_gmt":"2025-07-28T17:01:44","slug":"el-marinero-que-navegaba-entre-suenos","status":"publish","type":"post","link":"https:\/\/cuentia.es\/en\/cuentia\/el-marinero-que-navegaba-entre-suenos\/","title":{"rendered":"El marinero que navegaba entre sue\u00f1os"},"content":{"rendered":"<p>\u00c9rase una vez en un peque\u00f1o pueblo junto al mar, un valiente marinero llamado Pedro. Pedro so\u00f1aba con explorar los mares y descubrir nuevos tesoros escondidos en las profundidades del oc\u00e9ano. Un d\u00eda, Pedro decidi\u00f3 embarcarse en una emocionante aventura en solitario, navegando en su peque\u00f1o barco de vela.<\/p>\n<p>El mar estaba calmado y el sol brillaba en lo alto. Pedro se sent\u00eda feliz de estar viviendo su sue\u00f1o, pero de repente, una densa niebla envolvi\u00f3 su barco y se perdi\u00f3 de vista la costa. Pedro no pod\u00eda ver hacia d\u00f3nde iba y se sent\u00eda asustado.<\/p>\n<p>En medio de la niebla, Pedro divis\u00f3 una isla misteriosa. Decidi\u00f3 acercarse a ella en busca de ayuda. Cuando atrac\u00f3 su barco en la orilla, se encontr\u00f3 con una sirena con la cola de un pez y el cabello brillante como el sol.<\/p>\n<p>La sirena le dijo a Pedro: \u00abMarinero, veo que est\u00e1s perdido. \u00bfEn qu\u00e9 puedo ayudarte?\u00bb Pedro le cont\u00f3 sobre la densa niebla que lo hab\u00eda rodeado y c\u00f3mo se hab\u00eda extraviado en su camino.<\/p>\n<p>La sirena sonri\u00f3 y le dijo: \u00abNo temas, marinero. En esta isla, tus sue\u00f1os te guiar\u00e1n hacia la salida de la niebla. Debes cerrar los ojos y recordar tu destino con todo tu coraz\u00f3n.\u00bb Pedro no entend\u00eda muy bien lo que la sirena quer\u00eda decir, pero decidi\u00f3 confiar en sus palabras.<\/p>\n<p>Cerr\u00f3 los ojos y comenz\u00f3 a recordar todos los sue\u00f1os que lo hab\u00edan llevado a convertirse en marinero. Record\u00f3 la primera vez que vio el mar y sinti\u00f3 su inmensidad llam\u00e1ndolo. Record\u00f3 las historias de valientes navegantes que hab\u00eda escuchado de ni\u00f1o y c\u00f3mo hab\u00eda anhelado vivir sus propias aventuras.<\/p>\n<p>De repente, Pedro sinti\u00f3 una brisa c\u00e1lida acariciando su rostro. Abri\u00f3 los ojos y la niebla hab\u00eda desaparecido por completo. Ante \u00e9l se encontraba el mar, calmado y sereno, extendi\u00e9ndose hasta el horizonte.<\/p>\n<p>Agradeci\u00f3 a la sirena con un gesto y se embarc\u00f3 nuevamente en su barco. Mientras navegaba lejos de la isla, Pedro supo en su coraz\u00f3n que los sue\u00f1os realmente pod\u00edan guiarlo incluso en los momentos m\u00e1s oscuros.<\/p>\n<p>Y as\u00ed, el valiente marinero Pedro continu\u00f3 su traves\u00eda, navegando entre sue\u00f1os y realidad, siempre confiando en que su coraz\u00f3n lo llevar\u00eda a donde deseaba estar.<\/p>\n<hr\/>\n<p>Ap\u00fantate a la newsletter y recibe cuentos como este directamente en tu correo electr\u00f3nico.<\/p>\n<div class=\"wp-block-contact-form-7-contact-form-selector\">\n<div class=\"wpcf7 no-js\" id=\"wpcf7-f759-o1\" lang=\"es-ES\" dir=\"ltr\" data-wpcf7-id=\"759\">\n<div class=\"screen-reader-response\"><p role=\"status\" aria-live=\"polite\" aria-atomic=\"true\"><\/p> <ul><\/ul><\/div>\n<form action=\"\/en\/wp-json\/wp\/v2\/posts\/1353#wpcf7-f759-o1\" method=\"post\" class=\"wpcf7-form init\" aria-label=\"Formulario de contacto\" novalidate=\"novalidate\" data-status=\"init\" data-trp-original-action=\"\/en\/wp-json\/wp\/v2\/posts\/1353#wpcf7-f759-o1\">\n<fieldset class=\"hidden-fields-container\"><input type=\"hidden\" name=\"_wpcf7\" value=\"759\" \/><input type=\"hidden\" name=\"_wpcf7_version\" value=\"6.1.5\" \/><input type=\"hidden\" name=\"_wpcf7_locale\" value=\"es_ES\" \/><input type=\"hidden\" name=\"_wpcf7_unit_tag\" value=\"wpcf7-f759-o1\" \/><input type=\"hidden\" name=\"_wpcf7_container_post\" value=\"0\" \/><input type=\"hidden\" name=\"_wpcf7_posted_data_hash\" value=\"\" \/>\n<\/fieldset>\n<p><label> Tu email aqu\u00ed <\/label><br \/>\n<span class=\"wpcf7-form-control-wrap\" data-name=\"your-email\"><input size=\"40\" maxlength=\"400\" class=\"wpcf7-form-control wpcf7-email wpcf7-validates-as-required wpcf7-text wpcf7-validates-as-email\" id=\"input_mail_suscription\" autocomplete=\"email\" aria-required=\"true\" aria-invalid=\"false\" value=\"\" type=\"email\" name=\"your-email\" \/><\/span>\n<\/p>\n<p><span class=\"wpcf7-form-control-wrap\" data-name=\"verify\"><span class=\"wpcf7-form-control wpcf7-checkbox wpcf7-validates-as-required\"><span class=\"wpcf7-list-item first last\"><label><input type=\"checkbox\" name=\"verify[]\" value=\"Estoy de acuerdo en recibir los cuentos en mi direcci\u00f3n de correo electr\u00f3nico\" \/><span class=\"wpcf7-list-item-label\">Estoy de acuerdo en recibir los cuentos en mi direcci\u00f3n de correo electr\u00f3nico<\/span><\/label><\/span><\/span><\/span>\n<\/p>\n<p><input class=\"wpcf7-form-control wpcf7-submit has-spinner\" id=\"submit_suscription\" type=\"submit\" value=\"Enviar\" \/>\n<\/p><input type=\"hidden\" id=\"gr_form_nonce\" name=\"gr_form_nonce\" value=\"b3aa5f7f4c\" \/><input type=\"hidden\" name=\"_wp_http_referer\" value=\"\/en\/wp-json\/wp\/v2\/posts\/1353\" \/><div class=\"wpcf7-response-output\" aria-hidden=\"true\"><\/div>\n<input type=\"hidden\" name=\"trp-form-language\" value=\"en\"\/><\/form>\n<\/div>\n<\/div>","protected":false},"excerpt":{"rendered":"<p>\u00c9rase una vez en un peque\u00f1o pueblo junto al mar, un valiente marinero llamado Pedro. Pedro so\u00f1aba con explorar los mares y descubrir nuevos tesoros escondidos en las profundidades del oc\u00e9ano. Un d\u00eda, Pedro decidi\u00f3 embarcarse en una emocionante aventura en solitario, navegando en su peque\u00f1o barco de vela. El mar estaba calmado y el &#8230; <a title=\"El marinero que navegaba entre sue\u00f1os\" class=\"read-more\" href=\"https:\/\/cuentia.es\/en\/cuentia\/el-marinero-que-navegaba-entre-suenos\/\" aria-label=\"Read more about El marinero que navegaba entre sue\u00f1os\">Read more<\/a><\/p>","protected":false},"author":1,"featured_media":0,"comment_status":"","ping_status":"open","sticky":false,"template":"","format":"standard","meta":{"footnotes":""},"categories":[22],"tags":[],"class_list":["post-1353","post","type-post","status-publish","format-standard","hentry","category-cuentia"],"aioseo_notices":[],"_links":{"self":[{"href":"https:\/\/cuentia.es\/en\/wp-json\/wp\/v2\/posts\/1353","targetHints":{"allow":["GET"]}}],"collection":[{"href":"https:\/\/cuentia.es\/en\/wp-json\/wp\/v2\/posts"}],"about":[{"href":"https:\/\/cuentia.es\/en\/wp-json\/wp\/v2\/types\/post"}],"author":[{"embeddable":true,"href":"https:\/\/cuentia.es\/en\/wp-json\/wp\/v2\/users\/1"}],"replies":[{"embeddable":true,"href":"https:\/\/cuentia.es\/en\/wp-json\/wp\/v2\/comments?post=1353"}],"version-history":[{"count":0,"href":"https:\/\/cuentia.es\/en\/wp-json\/wp\/v2\/posts\/1353\/revisions"}],"wp:attachment":[{"href":"https:\/\/cuentia.es\/en\/wp-json\/wp\/v2\/media?parent=1353"}],"wp:term":[{"taxonomy":"category","embeddable":true,"href":"https:\/\/cuentia.es\/en\/wp-json\/wp\/v2\/categories?post=1353"},{"taxonomy":"post_tag","embeddable":true,"href":"https:\/\/cuentia.es\/en\/wp-json\/wp\/v2\/tags?post=1353"}],"curies":[{"name":"wp","href":"https:\/\/api.w.org\/{rel}","templated":true}]}}