{"id":1356,"date":"2025-07-30T19:01:31","date_gmt":"2025-07-30T17:01:31","guid":{"rendered":"https:\/\/cuentia.es\/sin-categoria\/el-peluche-que-queria-volar-como-un-pajaro\/"},"modified":"2025-07-30T19:01:31","modified_gmt":"2025-07-30T17:01:31","slug":"el-peluche-que-queria-volar-como-un-pajaro","status":"publish","type":"post","link":"https:\/\/cuentia.es\/en\/cuentia\/el-peluche-que-queria-volar-como-un-pajaro\/","title":{"rendered":"El peluche que quer\u00eda volar como un p\u00e1jaro"},"content":{"rendered":"<p>En lo alto de una monta\u00f1a, viv\u00eda un peluche llamado Peluchito que so\u00f1aba con volar como un p\u00e1jaro. Todos los d\u00edas, miraba con envidia a los p\u00e1jaros que volaban libres por el cielo y \u00e9l deseaba con todo su coraz\u00f3n poder hacer lo mismo.<\/p>\n<p>Un d\u00eda decidi\u00f3 que iba a encontrar la manera de volar. Baj\u00f3 de la monta\u00f1a y comenz\u00f3 a preguntar a todos los animales que se cruzaba si conoc\u00edan alg\u00fan secreto para poder volar. El conejo, la ardilla y hasta la mariposa le dijeron que era imposible, que los peluches no pod\u00edan volar.<\/p>\n<p>Desanimado, Peluchito subi\u00f3 de nuevo a lo alto de la monta\u00f1a y se sent\u00f3 en una roca, con la vista puesta en el cielo. De pronto, escuch\u00f3 una voz que le dijo: &#8216;Si realmente deseas volar, debes buscar al sabio B\u00faho Azul&#8217;.<\/p>\n<p>Con renovada esperanza, Peluchito se puso en marcha en busca del B\u00faho Azul. Despu\u00e9s de mucho tiempo de b\u00fasqueda, finalmente lo encontr\u00f3 en lo m\u00e1s profundo del bosque.<\/p>\n<p>&#8216;Oh sabio B\u00faho Azul, por favor, ay\u00fadame a cumplir mi sue\u00f1o de volar como un p\u00e1jaro&#8217;, le suplic\u00f3 Peluchito. El B\u00faho Azul lo mir\u00f3 con ternura y le dijo: &#8216;Para poder volar, necesitas creer en ti mismo y en tus sue\u00f1os&#8217;.<\/p>\n<p>Peluchito no entend\u00eda muy bien estas palabras, pero decidi\u00f3 seguirlas al pie de la letra. Cada d\u00eda, practicaba desde lo alto de la monta\u00f1a, saltando con todas sus fuerzas y agitando sus brazos, como si fueran alas.<\/p>\n<p>Los dem\u00e1s animales del bosque se burlaban de \u00e9l y le dec\u00edan que era rid\u00edculo, pero Peluchito no se desanimaba. Continuaba practicando con perseverancia, convencido de que alg\u00fan d\u00eda lograr\u00eda volar.<\/p>\n<p>Un hermoso d\u00eda de primavera, mientras practicaba sus saltos, sinti\u00f3 que algo extraordinario suced\u00eda. De repente, sus saltos eran m\u00e1s ligeros, y sinti\u00f3 que se elevaba en el aire. \u00a1Estaba volando como un p\u00e1jaro!<\/p>\n<p>Los dem\u00e1s animales del bosque, asombrados, ve\u00edan a Peluchito surcar el cielo con gracia y alegr\u00eda. Incluso el B\u00faho Azul, desde la rama de un \u00e1rbol, sonre\u00eda con orgullo al ver lo lejos que Peluchito hab\u00eda llegado gracias a su determinaci\u00f3n y su fe en s\u00ed mismo.<\/p>\n<p>Desde ese d\u00eda, Peluchito sigui\u00f3 volando por los cielos, llenando de asombro a todos los que lo ve\u00edan. Y aunque a veces le costaba mantenerse en el aire, nunca dej\u00f3 de creer en s\u00ed mismo y en sus sue\u00f1os.<\/p>\n<hr\/>\n<p>Ap\u00fantate a la newsletter y recibe cuentos como este directamente en tu correo electr\u00f3nico.<\/p>\n<div class=\"wp-block-contact-form-7-contact-form-selector\">\n<div class=\"wpcf7 no-js\" id=\"wpcf7-f759-o1\" lang=\"es-ES\" dir=\"ltr\" data-wpcf7-id=\"759\">\n<div class=\"screen-reader-response\"><p role=\"status\" aria-live=\"polite\" aria-atomic=\"true\"><\/p> <ul><\/ul><\/div>\n<form action=\"\/en\/wp-json\/wp\/v2\/posts\/1356#wpcf7-f759-o1\" method=\"post\" class=\"wpcf7-form init\" aria-label=\"Formulario de contacto\" novalidate=\"novalidate\" data-status=\"init\" data-trp-original-action=\"\/en\/wp-json\/wp\/v2\/posts\/1356#wpcf7-f759-o1\">\n<fieldset class=\"hidden-fields-container\"><input type=\"hidden\" name=\"_wpcf7\" value=\"759\" \/><input type=\"hidden\" name=\"_wpcf7_version\" value=\"6.1.5\" \/><input type=\"hidden\" name=\"_wpcf7_locale\" value=\"es_ES\" \/><input type=\"hidden\" name=\"_wpcf7_unit_tag\" value=\"wpcf7-f759-o1\" \/><input type=\"hidden\" name=\"_wpcf7_container_post\" value=\"0\" \/><input type=\"hidden\" name=\"_wpcf7_posted_data_hash\" value=\"\" \/>\n<\/fieldset>\n<p><label> Tu email aqu\u00ed <\/label><br \/>\n<span class=\"wpcf7-form-control-wrap\" data-name=\"your-email\"><input size=\"40\" maxlength=\"400\" class=\"wpcf7-form-control wpcf7-email wpcf7-validates-as-required wpcf7-text wpcf7-validates-as-email\" id=\"input_mail_suscription\" autocomplete=\"email\" aria-required=\"true\" aria-invalid=\"false\" value=\"\" type=\"email\" name=\"your-email\" \/><\/span>\n<\/p>\n<p><span class=\"wpcf7-form-control-wrap\" data-name=\"verify\"><span class=\"wpcf7-form-control wpcf7-checkbox wpcf7-validates-as-required\"><span class=\"wpcf7-list-item first last\"><label><input type=\"checkbox\" name=\"verify[]\" value=\"Estoy de acuerdo en recibir los cuentos en mi direcci\u00f3n de correo electr\u00f3nico\" \/><span class=\"wpcf7-list-item-label\">Estoy de acuerdo en recibir los cuentos en mi direcci\u00f3n de correo electr\u00f3nico<\/span><\/label><\/span><\/span><\/span>\n<\/p>\n<p><input class=\"wpcf7-form-control wpcf7-submit has-spinner\" id=\"submit_suscription\" type=\"submit\" value=\"Enviar\" \/>\n<\/p><input type=\"hidden\" id=\"gr_form_nonce\" name=\"gr_form_nonce\" value=\"b3aa5f7f4c\" \/><input type=\"hidden\" name=\"_wp_http_referer\" value=\"\/en\/wp-json\/wp\/v2\/posts\/1356\" \/><div class=\"wpcf7-response-output\" aria-hidden=\"true\"><\/div>\n<input type=\"hidden\" name=\"trp-form-language\" value=\"en\"\/><\/form>\n<\/div>\n<\/div>","protected":false},"excerpt":{"rendered":"<p>En lo alto de una monta\u00f1a, viv\u00eda un peluche llamado Peluchito que so\u00f1aba con volar como un p\u00e1jaro. Todos los d\u00edas, miraba con envidia a los p\u00e1jaros que volaban libres por el cielo y \u00e9l deseaba con todo su coraz\u00f3n poder hacer lo mismo. Un d\u00eda decidi\u00f3 que iba a encontrar la manera de volar. &#8230; <a title=\"El peluche que quer\u00eda volar como un p\u00e1jaro\" class=\"read-more\" href=\"https:\/\/cuentia.es\/en\/cuentia\/el-peluche-que-queria-volar-como-un-pajaro\/\" aria-label=\"Read more about El peluche que quer\u00eda volar como un p\u00e1jaro\">Read more<\/a><\/p>","protected":false},"author":1,"featured_media":0,"comment_status":"","ping_status":"open","sticky":false,"template":"","format":"standard","meta":{"footnotes":""},"categories":[22],"tags":[],"class_list":["post-1356","post","type-post","status-publish","format-standard","hentry","category-cuentia"],"aioseo_notices":[],"_links":{"self":[{"href":"https:\/\/cuentia.es\/en\/wp-json\/wp\/v2\/posts\/1356","targetHints":{"allow":["GET"]}}],"collection":[{"href":"https:\/\/cuentia.es\/en\/wp-json\/wp\/v2\/posts"}],"about":[{"href":"https:\/\/cuentia.es\/en\/wp-json\/wp\/v2\/types\/post"}],"author":[{"embeddable":true,"href":"https:\/\/cuentia.es\/en\/wp-json\/wp\/v2\/users\/1"}],"replies":[{"embeddable":true,"href":"https:\/\/cuentia.es\/en\/wp-json\/wp\/v2\/comments?post=1356"}],"version-history":[{"count":0,"href":"https:\/\/cuentia.es\/en\/wp-json\/wp\/v2\/posts\/1356\/revisions"}],"wp:attachment":[{"href":"https:\/\/cuentia.es\/en\/wp-json\/wp\/v2\/media?parent=1356"}],"wp:term":[{"taxonomy":"category","embeddable":true,"href":"https:\/\/cuentia.es\/en\/wp-json\/wp\/v2\/categories?post=1356"},{"taxonomy":"post_tag","embeddable":true,"href":"https:\/\/cuentia.es\/en\/wp-json\/wp\/v2\/tags?post=1356"}],"curies":[{"name":"wp","href":"https:\/\/api.w.org\/{rel}","templated":true}]}}