{"id":1358,"date":"2025-08-01T19:01:26","date_gmt":"2025-08-01T17:01:26","guid":{"rendered":"https:\/\/cuentia.es\/sin-categoria\/el-camaleon-que-pintaba-el-mundo-de-colores\/"},"modified":"2025-08-01T19:01:26","modified_gmt":"2025-08-01T17:01:26","slug":"el-camaleon-que-pintaba-el-mundo-de-colores","status":"publish","type":"post","link":"https:\/\/cuentia.es\/en\/cuentia\/el-camaleon-que-pintaba-el-mundo-de-colores\/","title":{"rendered":"El camale\u00f3n que pintaba el mundo de colores"},"content":{"rendered":"<p>\u00c9rase una vez en un bosque encantado, un peque\u00f1o camale\u00f3n llamado Cami que ten\u00eda un don especial: \u00a1pod\u00eda pintar el mundo con los colores de su imaginaci\u00f3n!<\/p>\n<p>Un d\u00eda, el sol no sali\u00f3 en el bosque y todo se volvi\u00f3 gris y triste. Las flores marchitaron, los animales perdieron su alegr\u00eda y hasta el arco\u00edris desapareci\u00f3 del cielo. Cami sab\u00eda que ten\u00eda que hacer algo al respecto, as\u00ed que decidi\u00f3 emprender un viaje para encontrar al sol y devolverle la luz al bosque.<\/p>\n<p>En su camino, conoci\u00f3 a una conejita triste que le dijo: \u00ab\u00bfPodr\u00edas pintar mi mundo de colores, Cami? Me siento tan sola sin la luz del sol\u00bb. Cami sonri\u00f3 y usando su lengua m\u00e1gica, pint\u00f3 las flores de colores brillantes, el cielo de azul intenso y el sol radiante en lo alto.<\/p>\n<p>La conejita se emocion\u00f3 tanto que empez\u00f3 a saltar de alegr\u00eda, agradeciendo a Cami por traer de vuelta la belleza al bosque. Animado por su \u00e9xito, Cami sigui\u00f3 su camino hasta llegar a la cueva del gru\u00f1\u00f3n oso pardo.<\/p>\n<p>El oso pardo, con su voz profunda, gru\u00f1\u00f3: \u00ab\u00bfQu\u00e9 haces aqu\u00ed, peque\u00f1o camale\u00f3n? Este bosque no necesita tus trucos de magia\u00bb. Pero Cami no se dio por vencido y le explic\u00f3 al oso su misi\u00f3n. \u00abHe venido a traer de vuelta la luz y el color al bosque, incluso si eso significa pintar tu cueva gris y oscura\u00bb, dijo con valent\u00eda.<\/p>\n<p>El oso, sorprendido por la determinaci\u00f3n de Cami, decidi\u00f3 darle una oportunidad. \u00abEst\u00e1 bien, adelante, \u00a1pinta mi cueva!\u00bb. Y as\u00ed, Cami us\u00f3 su lengua m\u00e1gica para pintar las paredes de la cueva con los colores m\u00e1s c\u00e1lidos y brillantes que jam\u00e1s se hubieran visto. El oso, al ver su hogar transformado, no pudo contener una sonrisa y agradeci\u00f3 a Cami por devolverle la alegr\u00eda.<\/p>\n<p>Finalmente, Cami lleg\u00f3 a la cima de la monta\u00f1a, donde se encontraba el sol atrapado entre las nubes grises. Sin dudarlo, utiliz\u00f3 todos los colores de su paleta para pintar un arco\u00edris tan hermoso que el sol no pudo resistirse y sali\u00f3 de su escondite, iluminando el bosque una vez m\u00e1s.<\/p>\n<p>Desde ese d\u00eda, Cami sigui\u00f3 recorriendo el bosque y pintando con sus colores m\u00e1gicos all\u00e1 donde hac\u00eda falta. Y aunque a veces encontraba retos y desaf\u00edos, siempre recordaba que con un poco de imaginaci\u00f3n y valent\u00eda, pod\u00eda hacer del mundo un lugar m\u00e1s hermoso para todos.<\/p>\n<hr\/>\n<p>Ap\u00fantate a la newsletter y recibe cuentos como este directamente en tu correo electr\u00f3nico.<\/p>\n<div class=\"wp-block-contact-form-7-contact-form-selector\">\n<div class=\"wpcf7 no-js\" id=\"wpcf7-f759-o1\" lang=\"es-ES\" dir=\"ltr\" data-wpcf7-id=\"759\">\n<div class=\"screen-reader-response\"><p role=\"status\" aria-live=\"polite\" aria-atomic=\"true\"><\/p> <ul><\/ul><\/div>\n<form action=\"\/en\/wp-json\/wp\/v2\/posts\/1358#wpcf7-f759-o1\" method=\"post\" class=\"wpcf7-form init\" aria-label=\"Formulario de contacto\" novalidate=\"novalidate\" data-status=\"init\" data-trp-original-action=\"\/en\/wp-json\/wp\/v2\/posts\/1358#wpcf7-f759-o1\">\n<fieldset class=\"hidden-fields-container\"><input type=\"hidden\" name=\"_wpcf7\" value=\"759\" \/><input type=\"hidden\" name=\"_wpcf7_version\" value=\"6.1.5\" \/><input type=\"hidden\" name=\"_wpcf7_locale\" value=\"es_ES\" \/><input type=\"hidden\" name=\"_wpcf7_unit_tag\" value=\"wpcf7-f759-o1\" \/><input type=\"hidden\" name=\"_wpcf7_container_post\" value=\"0\" \/><input type=\"hidden\" name=\"_wpcf7_posted_data_hash\" value=\"\" \/>\n<\/fieldset>\n<p><label> Tu email aqu\u00ed <\/label><br \/>\n<span class=\"wpcf7-form-control-wrap\" data-name=\"your-email\"><input size=\"40\" maxlength=\"400\" class=\"wpcf7-form-control wpcf7-email wpcf7-validates-as-required wpcf7-text wpcf7-validates-as-email\" id=\"input_mail_suscription\" autocomplete=\"email\" aria-required=\"true\" aria-invalid=\"false\" value=\"\" type=\"email\" name=\"your-email\" \/><\/span>\n<\/p>\n<p><span class=\"wpcf7-form-control-wrap\" data-name=\"verify\"><span class=\"wpcf7-form-control wpcf7-checkbox wpcf7-validates-as-required\"><span class=\"wpcf7-list-item first last\"><label><input type=\"checkbox\" name=\"verify[]\" value=\"Estoy de acuerdo en recibir los cuentos en mi direcci\u00f3n de correo electr\u00f3nico\" \/><span class=\"wpcf7-list-item-label\">Estoy de acuerdo en recibir los cuentos en mi direcci\u00f3n de correo electr\u00f3nico<\/span><\/label><\/span><\/span><\/span>\n<\/p>\n<p><input class=\"wpcf7-form-control wpcf7-submit has-spinner\" id=\"submit_suscription\" type=\"submit\" value=\"Enviar\" \/>\n<\/p><input type=\"hidden\" id=\"gr_form_nonce\" name=\"gr_form_nonce\" value=\"b3aa5f7f4c\" \/><input type=\"hidden\" name=\"_wp_http_referer\" value=\"\/en\/wp-json\/wp\/v2\/posts\/1358\" \/><div class=\"wpcf7-response-output\" aria-hidden=\"true\"><\/div>\n<input type=\"hidden\" name=\"trp-form-language\" value=\"en\"\/><\/form>\n<\/div>\n<\/div>","protected":false},"excerpt":{"rendered":"<p>\u00c9rase una vez en un bosque encantado, un peque\u00f1o camale\u00f3n llamado Cami que ten\u00eda un don especial: \u00a1pod\u00eda pintar el mundo con los colores de su imaginaci\u00f3n! Un d\u00eda, el sol no sali\u00f3 en el bosque y todo se volvi\u00f3 gris y triste. Las flores marchitaron, los animales perdieron su alegr\u00eda y hasta el arco\u00edris &#8230; <a title=\"El camale\u00f3n que pintaba el mundo de colores\" class=\"read-more\" href=\"https:\/\/cuentia.es\/en\/cuentia\/el-camaleon-que-pintaba-el-mundo-de-colores\/\" aria-label=\"Read more about El camale\u00f3n que pintaba el mundo de colores\">Read more<\/a><\/p>","protected":false},"author":1,"featured_media":0,"comment_status":"","ping_status":"open","sticky":false,"template":"","format":"standard","meta":{"footnotes":""},"categories":[22],"tags":[],"class_list":["post-1358","post","type-post","status-publish","format-standard","hentry","category-cuentia"],"aioseo_notices":[],"_links":{"self":[{"href":"https:\/\/cuentia.es\/en\/wp-json\/wp\/v2\/posts\/1358","targetHints":{"allow":["GET"]}}],"collection":[{"href":"https:\/\/cuentia.es\/en\/wp-json\/wp\/v2\/posts"}],"about":[{"href":"https:\/\/cuentia.es\/en\/wp-json\/wp\/v2\/types\/post"}],"author":[{"embeddable":true,"href":"https:\/\/cuentia.es\/en\/wp-json\/wp\/v2\/users\/1"}],"replies":[{"embeddable":true,"href":"https:\/\/cuentia.es\/en\/wp-json\/wp\/v2\/comments?post=1358"}],"version-history":[{"count":0,"href":"https:\/\/cuentia.es\/en\/wp-json\/wp\/v2\/posts\/1358\/revisions"}],"wp:attachment":[{"href":"https:\/\/cuentia.es\/en\/wp-json\/wp\/v2\/media?parent=1358"}],"wp:term":[{"taxonomy":"category","embeddable":true,"href":"https:\/\/cuentia.es\/en\/wp-json\/wp\/v2\/categories?post=1358"},{"taxonomy":"post_tag","embeddable":true,"href":"https:\/\/cuentia.es\/en\/wp-json\/wp\/v2\/tags?post=1358"}],"curies":[{"name":"wp","href":"https:\/\/api.w.org\/{rel}","templated":true}]}}