{"id":1360,"date":"2025-08-03T19:01:22","date_gmt":"2025-08-03T17:01:22","guid":{"rendered":"https:\/\/cuentia.es\/sin-categoria\/el-gato-que-vivia-entre-los-libros\/"},"modified":"2025-08-03T19:01:22","modified_gmt":"2025-08-03T17:01:22","slug":"el-gato-que-vivia-entre-los-libros","status":"publish","type":"post","link":"https:\/\/cuentia.es\/en\/cuentia\/el-gato-que-vivia-entre-los-libros\/","title":{"rendered":"El gato que viv\u00eda entre los libros"},"content":{"rendered":"<p>\u00c9rase una vez en un peque\u00f1o pueblo, un gato muy curioso llamado Tom\u00e1s. A diferencia de los dem\u00e1s gatos, a Tom\u00e1s no le gustaba cazar p\u00e1jaros ni perseguir ratones. Lo que a \u00e9l realmente le apasionaba era leer libros. S\u00ed, as\u00ed es, \u00a1un gato que amaba la lectura!<\/p>\n<p>Todas las noches, cuando la biblioteca del pueblo cerraba sus puertas, Tom\u00e1s se colaba sigilosamente entre los estantes y pasaba horas sumergido en las p\u00e1ginas de hermosas historias. Le encantaba sentir el olor a papel y tinta, y le parec\u00eda m\u00e1gico perderse en mundos de aventuras y fantas\u00eda.<\/p>\n<p>Un d\u00eda, cuando Tom\u00e1s se dispon\u00eda a salir de la biblioteca despu\u00e9s de una larga noche de lectura, escuch\u00f3 un ruido extra\u00f1o. Era un peque\u00f1o rat\u00f3n que se hab\u00eda quedado atrapado en una esquina, asustado y temblando.<\/p>\n<p>\u2014 \u00a1No temas, peque\u00f1o rat\u00f3n! \u2014dijo Tom\u00e1s con voz tranquila\u2014. No voy a hacerte da\u00f1o, yo no soy como los dem\u00e1s gatos. \u00bfQu\u00e9 haces t\u00fa por aqu\u00ed?<\/p>\n<p>El rat\u00f3n, sorprendido por las palabras amables de Tom\u00e1s, le cont\u00f3 que estaba buscando un libro especial que le ayudara a resolver un problema muy importante. Resulta que la cosecha de semillas de su familia se hab\u00eda echado a perder y necesitaban encontrar una soluci\u00f3n antes de que llegara el invierno.<\/p>\n<p>\u2014 Yo conozco muchos libros, tal vez pueda ayudarte \u2014respondi\u00f3 Tom\u00e1s, con una sonrisa\u2014. Ven conmigo, juntos buscaremos la respuesta en las p\u00e1ginas de los libros.<\/p>\n<p>Y as\u00ed, el gato y el rat\u00f3n comenzaron una fascinante aventura en busca de la soluci\u00f3n para el problema de la familia ratonil. Recorrieron estante por estante, leyendo cuentos antiguos, f\u00e1bulas cl\u00e1sicas y libros de ciencia. Hasta que finalmente, dieron con un libro muy especial que parec\u00eda tener la respuesta que buscaban.<\/p>\n<p>El libro hablaba de la importancia de la cooperaci\u00f3n y la solidaridad entre los animales. Contaba la historia de una ardilla, un p\u00e1jaro y un conejo que, trabajando juntos, lograban recolectar suficientes alimentos para sobrevivir al invierno. Tom\u00e1s y el rat\u00f3n entendieron el mensaje y se miraron con determinaci\u00f3n.<\/p>\n<p>\u2014 Creo que ya s\u00e9 qu\u00e9 tenemos que hacer \u2014dijo el rat\u00f3n con entusiasmo\u2014. Debemos unir fuerzas con otros animales del bosque para poder recolectar las semillas a tiempo.<\/p>\n<p>Los dos amigos salieron de la biblioteca dispuestos a poner en pr\u00e1ctica lo aprendido. Hablaron con las ardillas, los p\u00e1jaros, los conejos y otros habitantes del bosque, y les explicaron la situaci\u00f3n. Para su alegr\u00eda, todos estuvieron dispuestos a colaborar y trabajaron juntos para recolectar las semillas antes de la llegada del invierno.<\/p>\n<p>Gracias a la solidaridad y al trabajo en equipo, la familia del rat\u00f3n pudo almacenar suficiente comida para sobrevivir durante la estaci\u00f3n fr\u00eda. Tom\u00e1s se convirti\u00f3 en el protector de la biblioteca, donde todos los animales del bosque se reun\u00edan para leer y aprender juntos.<\/p>\n<p>Y color\u00edn colorado, este cuento del gato que viv\u00eda entre los libros y su amigo rat\u00f3n, ha terminado. \u00a1Que la magia de la lectura y la amistad os acompa\u00f1e siempre!<\/p>\n<hr\/>\n<p>Ap\u00fantate a la newsletter y recibe cuentos como este directamente en tu correo electr\u00f3nico.<\/p>\n<div class=\"wp-block-contact-form-7-contact-form-selector\">\n<div class=\"wpcf7 no-js\" id=\"wpcf7-f759-o1\" lang=\"es-ES\" dir=\"ltr\" data-wpcf7-id=\"759\">\n<div class=\"screen-reader-response\"><p role=\"status\" aria-live=\"polite\" aria-atomic=\"true\"><\/p> <ul><\/ul><\/div>\n<form action=\"\/en\/wp-json\/wp\/v2\/posts\/1360#wpcf7-f759-o1\" method=\"post\" class=\"wpcf7-form init\" aria-label=\"Formulario de contacto\" novalidate=\"novalidate\" data-status=\"init\" data-trp-original-action=\"\/en\/wp-json\/wp\/v2\/posts\/1360#wpcf7-f759-o1\">\n<fieldset class=\"hidden-fields-container\"><input type=\"hidden\" name=\"_wpcf7\" value=\"759\" \/><input type=\"hidden\" name=\"_wpcf7_version\" value=\"6.1.5\" \/><input type=\"hidden\" name=\"_wpcf7_locale\" value=\"es_ES\" \/><input type=\"hidden\" name=\"_wpcf7_unit_tag\" value=\"wpcf7-f759-o1\" \/><input type=\"hidden\" name=\"_wpcf7_container_post\" value=\"0\" \/><input type=\"hidden\" name=\"_wpcf7_posted_data_hash\" value=\"\" \/>\n<\/fieldset>\n<p><label> Tu email aqu\u00ed <\/label><br \/>\n<span class=\"wpcf7-form-control-wrap\" data-name=\"your-email\"><input size=\"40\" maxlength=\"400\" class=\"wpcf7-form-control wpcf7-email wpcf7-validates-as-required wpcf7-text wpcf7-validates-as-email\" id=\"input_mail_suscription\" autocomplete=\"email\" aria-required=\"true\" aria-invalid=\"false\" value=\"\" type=\"email\" name=\"your-email\" \/><\/span>\n<\/p>\n<p><span class=\"wpcf7-form-control-wrap\" data-name=\"verify\"><span class=\"wpcf7-form-control wpcf7-checkbox wpcf7-validates-as-required\"><span class=\"wpcf7-list-item first last\"><label><input type=\"checkbox\" name=\"verify[]\" value=\"Estoy de acuerdo en recibir los cuentos en mi direcci\u00f3n de correo electr\u00f3nico\" \/><span class=\"wpcf7-list-item-label\">Estoy de acuerdo en recibir los cuentos en mi direcci\u00f3n de correo electr\u00f3nico<\/span><\/label><\/span><\/span><\/span>\n<\/p>\n<p><input class=\"wpcf7-form-control wpcf7-submit has-spinner\" id=\"submit_suscription\" type=\"submit\" value=\"Enviar\" \/>\n<\/p><input type=\"hidden\" id=\"gr_form_nonce\" name=\"gr_form_nonce\" value=\"b3aa5f7f4c\" \/><input type=\"hidden\" name=\"_wp_http_referer\" value=\"\/en\/wp-json\/wp\/v2\/posts\/1360\" \/><div class=\"wpcf7-response-output\" aria-hidden=\"true\"><\/div>\n<input type=\"hidden\" name=\"trp-form-language\" value=\"en\"\/><\/form>\n<\/div>\n<\/div>","protected":false},"excerpt":{"rendered":"<p>\u00c9rase una vez en un peque\u00f1o pueblo, un gato muy curioso llamado Tom\u00e1s. A diferencia de los dem\u00e1s gatos, a Tom\u00e1s no le gustaba cazar p\u00e1jaros ni perseguir ratones. Lo que a \u00e9l realmente le apasionaba era leer libros. S\u00ed, as\u00ed es, \u00a1un gato que amaba la lectura! Todas las noches, cuando la biblioteca del &#8230; <a title=\"El gato que viv\u00eda entre los libros\" class=\"read-more\" href=\"https:\/\/cuentia.es\/en\/cuentia\/el-gato-que-vivia-entre-los-libros\/\" aria-label=\"Read more about El gato que viv\u00eda entre los libros\">Read more<\/a><\/p>","protected":false},"author":1,"featured_media":0,"comment_status":"","ping_status":"open","sticky":false,"template":"","format":"standard","meta":{"footnotes":""},"categories":[22],"tags":[],"class_list":["post-1360","post","type-post","status-publish","format-standard","hentry","category-cuentia"],"aioseo_notices":[],"_links":{"self":[{"href":"https:\/\/cuentia.es\/en\/wp-json\/wp\/v2\/posts\/1360","targetHints":{"allow":["GET"]}}],"collection":[{"href":"https:\/\/cuentia.es\/en\/wp-json\/wp\/v2\/posts"}],"about":[{"href":"https:\/\/cuentia.es\/en\/wp-json\/wp\/v2\/types\/post"}],"author":[{"embeddable":true,"href":"https:\/\/cuentia.es\/en\/wp-json\/wp\/v2\/users\/1"}],"replies":[{"embeddable":true,"href":"https:\/\/cuentia.es\/en\/wp-json\/wp\/v2\/comments?post=1360"}],"version-history":[{"count":0,"href":"https:\/\/cuentia.es\/en\/wp-json\/wp\/v2\/posts\/1360\/revisions"}],"wp:attachment":[{"href":"https:\/\/cuentia.es\/en\/wp-json\/wp\/v2\/media?parent=1360"}],"wp:term":[{"taxonomy":"category","embeddable":true,"href":"https:\/\/cuentia.es\/en\/wp-json\/wp\/v2\/categories?post=1360"},{"taxonomy":"post_tag","embeddable":true,"href":"https:\/\/cuentia.es\/en\/wp-json\/wp\/v2\/tags?post=1360"}],"curies":[{"name":"wp","href":"https:\/\/api.w.org\/{rel}","templated":true}]}}