{"id":1368,"date":"2025-08-11T19:01:09","date_gmt":"2025-08-11T17:01:09","guid":{"rendered":"https:\/\/cuentia.es\/sin-categoria\/los-relojes-que-giraban-al-reves\/"},"modified":"2025-08-11T19:01:09","modified_gmt":"2025-08-11T17:01:09","slug":"los-relojes-que-giraban-al-reves","status":"publish","type":"post","link":"https:\/\/cuentia.es\/en\/cuentia\/los-relojes-que-giraban-al-reves\/","title":{"rendered":"Los relojes que giraban al rev\u00e9s"},"content":{"rendered":"<p>\u00c9rase una vez en el pueblo de Villa Tic Tac, donde todos los habitantes viv\u00edan entre gigantescos relojes de pared. Cada reloj marcaba el tiempo de una forma especial, unos con n\u00fameros brillantes, otros con manecillas de colores, pero todos ellos giraban en la direcci\u00f3n habitual: hacia la derecha. Todos menos uno&#8230;<\/p>\n<p>El reloj de la torre principal de la plaza giraba al rev\u00e9s, en direcci\u00f3n contraria a las agujas del reloj. Esto provocaba mucha confusi\u00f3n en el pueblo, ya que nadie sab\u00eda a qu\u00e9 hora eran las citas, los almuerzos o las siestas. Los habitantes estaban desorientados y no sab\u00edan c\u00f3mo solucionar aquel problema.<\/p>\n<p>Un d\u00eda, la valiente Valentina, una ni\u00f1a curiosa y muy astuta, decidi\u00f3 investigar el misterio de por qu\u00e9 el reloj de la torre giraba al rev\u00e9s. Se puso su sombrero de exploradora, agarr\u00f3 su lupa y se dirigi\u00f3 hacia la plaza, decidida a encontrar una soluci\u00f3n.<\/p>\n<p>Al llegar a la torre del reloj, Valentina se encontr\u00f3 con Tick, el duende travieso que viv\u00eda dentro del reloj. Tick ten\u00eda una risa escandalosa y siempre estaba causando problemas en el pueblo. Valentina lo mir\u00f3 con determinaci\u00f3n y le pregunt\u00f3: &#8216;Tick, \u00bfpor qu\u00e9 haces girar el reloj al rev\u00e9s y confundes a todos en Villa Tic Tac?&#8217;<\/p>\n<p>Tick solt\u00f3 una risotada y respondi\u00f3: &#8216;Porque me divierte ver a todos tan confundidos y correr de un lado a otro sin saber la hora que es. Es muy entretenido para m\u00ed&#8217;.<\/p>\n<p>Valentina frunci\u00f3 el ce\u00f1o y le dijo con voz firme: &#8216;Tick, entiendo que te divierta jugar, pero has causado mucho caos en el pueblo. Necesitamos encontrar una soluci\u00f3n para que el reloj vuelva a girar en la direcci\u00f3n correcta. \u00a1Vamos a trabajar juntos para arreglarlo!&#8217;<\/p>\n<p>Tick, sorprendido por la determinaci\u00f3n de Valentina, accedi\u00f3 a ayudarla. Juntos, buscaron en los engranajes del reloj y descubrieron que una pieza importante estaba suelta, lo que hac\u00eda que las agujas giraran al rev\u00e9s. Con cuidado, Valentina y Tick colocaron la pieza en su sitio, y \u00a1el reloj empez\u00f3 a girar en la direcci\u00f3n correcta!<\/p>\n<p>Los habitantes de Villa Tic Tac se alegraron al ver que por fin el reloj de la torre marcaba la hora adecuada. Valentina y Tick se convirtieron en h\u00e9roes del pueblo, y a partir de ese d\u00eda, todos los ni\u00f1os y ni\u00f1as quer\u00edan ser como Valentina, valientes y dispuestos a solucionar problemas.<\/p>\n<p>Y color\u00edn colorado, este cuento de los relojes que giraban al rev\u00e9s y de la valiente Valentina y el travieso Tick ha terminado. \u00a1Hasta la pr\u00f3xima aventura en Villa Tic Tac!<\/p>\n<hr\/>\n<p>Ap\u00fantate a la newsletter y recibe cuentos como este directamente en tu correo electr\u00f3nico.<\/p>\n<div class=\"wp-block-contact-form-7-contact-form-selector\">\n<div class=\"wpcf7 no-js\" id=\"wpcf7-f759-o1\" lang=\"es-ES\" dir=\"ltr\" data-wpcf7-id=\"759\">\n<div class=\"screen-reader-response\"><p role=\"status\" aria-live=\"polite\" aria-atomic=\"true\"><\/p> <ul><\/ul><\/div>\n<form action=\"\/en\/wp-json\/wp\/v2\/posts\/1368#wpcf7-f759-o1\" method=\"post\" class=\"wpcf7-form init\" aria-label=\"Formulario de contacto\" novalidate=\"novalidate\" data-status=\"init\" data-trp-original-action=\"\/en\/wp-json\/wp\/v2\/posts\/1368#wpcf7-f759-o1\">\n<fieldset class=\"hidden-fields-container\"><input type=\"hidden\" name=\"_wpcf7\" value=\"759\" \/><input type=\"hidden\" name=\"_wpcf7_version\" value=\"6.1.5\" \/><input type=\"hidden\" name=\"_wpcf7_locale\" value=\"es_ES\" \/><input type=\"hidden\" name=\"_wpcf7_unit_tag\" value=\"wpcf7-f759-o1\" \/><input type=\"hidden\" name=\"_wpcf7_container_post\" value=\"0\" \/><input type=\"hidden\" name=\"_wpcf7_posted_data_hash\" value=\"\" \/>\n<\/fieldset>\n<p><label> Tu email aqu\u00ed <\/label><br \/>\n<span class=\"wpcf7-form-control-wrap\" data-name=\"your-email\"><input size=\"40\" maxlength=\"400\" class=\"wpcf7-form-control wpcf7-email wpcf7-validates-as-required wpcf7-text wpcf7-validates-as-email\" id=\"input_mail_suscription\" autocomplete=\"email\" aria-required=\"true\" aria-invalid=\"false\" value=\"\" type=\"email\" name=\"your-email\" \/><\/span>\n<\/p>\n<p><span class=\"wpcf7-form-control-wrap\" data-name=\"verify\"><span class=\"wpcf7-form-control wpcf7-checkbox wpcf7-validates-as-required\"><span class=\"wpcf7-list-item first last\"><label><input type=\"checkbox\" name=\"verify[]\" value=\"Estoy de acuerdo en recibir los cuentos en mi direcci\u00f3n de correo electr\u00f3nico\" \/><span class=\"wpcf7-list-item-label\">Estoy de acuerdo en recibir los cuentos en mi direcci\u00f3n de correo electr\u00f3nico<\/span><\/label><\/span><\/span><\/span>\n<\/p>\n<p><input class=\"wpcf7-form-control wpcf7-submit has-spinner\" id=\"submit_suscription\" type=\"submit\" value=\"Enviar\" \/>\n<\/p><input type=\"hidden\" id=\"gr_form_nonce\" name=\"gr_form_nonce\" value=\"18aa6907eb\" \/><input type=\"hidden\" name=\"_wp_http_referer\" value=\"\/en\/wp-json\/wp\/v2\/posts\/1368\" \/><div class=\"wpcf7-response-output\" aria-hidden=\"true\"><\/div>\n<input type=\"hidden\" name=\"trp-form-language\" value=\"en\"\/><\/form>\n<\/div>\n<\/div>","protected":false},"excerpt":{"rendered":"<p>\u00c9rase una vez en el pueblo de Villa Tic Tac, donde todos los habitantes viv\u00edan entre gigantescos relojes de pared. Cada reloj marcaba el tiempo de una forma especial, unos con n\u00fameros brillantes, otros con manecillas de colores, pero todos ellos giraban en la direcci\u00f3n habitual: hacia la derecha. Todos menos uno&#8230; El reloj de &#8230; <a title=\"Los relojes que giraban al rev\u00e9s\" class=\"read-more\" href=\"https:\/\/cuentia.es\/en\/cuentia\/los-relojes-que-giraban-al-reves\/\" aria-label=\"Read more about Los relojes que giraban al rev\u00e9s\">Read more<\/a><\/p>","protected":false},"author":1,"featured_media":0,"comment_status":"","ping_status":"open","sticky":false,"template":"","format":"standard","meta":{"footnotes":""},"categories":[22],"tags":[],"class_list":["post-1368","post","type-post","status-publish","format-standard","hentry","category-cuentia"],"aioseo_notices":[],"_links":{"self":[{"href":"https:\/\/cuentia.es\/en\/wp-json\/wp\/v2\/posts\/1368","targetHints":{"allow":["GET"]}}],"collection":[{"href":"https:\/\/cuentia.es\/en\/wp-json\/wp\/v2\/posts"}],"about":[{"href":"https:\/\/cuentia.es\/en\/wp-json\/wp\/v2\/types\/post"}],"author":[{"embeddable":true,"href":"https:\/\/cuentia.es\/en\/wp-json\/wp\/v2\/users\/1"}],"replies":[{"embeddable":true,"href":"https:\/\/cuentia.es\/en\/wp-json\/wp\/v2\/comments?post=1368"}],"version-history":[{"count":0,"href":"https:\/\/cuentia.es\/en\/wp-json\/wp\/v2\/posts\/1368\/revisions"}],"wp:attachment":[{"href":"https:\/\/cuentia.es\/en\/wp-json\/wp\/v2\/media?parent=1368"}],"wp:term":[{"taxonomy":"category","embeddable":true,"href":"https:\/\/cuentia.es\/en\/wp-json\/wp\/v2\/categories?post=1368"},{"taxonomy":"post_tag","embeddable":true,"href":"https:\/\/cuentia.es\/en\/wp-json\/wp\/v2\/tags?post=1368"}],"curies":[{"name":"wp","href":"https:\/\/api.w.org\/{rel}","templated":true}]}}