{"id":1369,"date":"2025-08-12T19:01:08","date_gmt":"2025-08-12T17:01:08","guid":{"rendered":"https:\/\/cuentia.es\/sin-categoria\/la-muneca-que-contaba-historias-secretas\/"},"modified":"2025-08-12T19:01:08","modified_gmt":"2025-08-12T17:01:08","slug":"la-muneca-que-contaba-historias-secretas","status":"publish","type":"post","link":"https:\/\/cuentia.es\/en\/cuentia\/la-muneca-que-contaba-historias-secretas\/","title":{"rendered":"La mu\u00f1eca que contaba historias secretas"},"content":{"rendered":"<p>\u00c9rase una vez en un lejano bosque encantado, una mu\u00f1eca muy especial llamada Luna. Lo que hac\u00eda a Luna diferente de las dem\u00e1s mu\u00f1ecas, era que ten\u00eda la habilidad de contar historias secretas a los ni\u00f1os que se acercaban a ella por las noches. Estas historias no las pod\u00eda escuchar cualquiera, solo aquellos con un coraz\u00f3n puro y bondadoso. Luna viv\u00eda en una casita de madera en medio del bosque, rodeada de flores de colores y sus amigos los animalitos.<\/p>\n<p>Un d\u00eda, una ni\u00f1a llamada Sof\u00eda, curiosa y valiente, escuch\u00f3 hablar de Luna y decidi\u00f3 emprender una aventura para encontrarla. Invit\u00f3 a su mejor amigo, Lucas, a unirse a la b\u00fasqueda. Juntos se adentraron en el oscuro bosque, siguiendo el suave brillo de una luci\u00e9rnaga que los guiaba.<\/p>\n<p>Tras caminar un buen rato, llegaron finalmente a la casita de Luna. La mu\u00f1eca los recibi\u00f3 con una c\u00e1lida sonrisa y les pidi\u00f3 que se sentaran a su alrededor. &#8216;\u00bfQu\u00e9 historias secretas les gustar\u00eda escuchar esta noche?&#8217;, pregunt\u00f3 Luna con su vocecita melodiosa.<\/p>\n<p>Sof\u00eda, emocionada, pidi\u00f3 a Luna que le contara la historia del hada de los sue\u00f1os perdidos. Luna asinti\u00f3 y comenz\u00f3 su relato m\u00e1gico, haciendo que los ni\u00f1os se sumergieran en un mundo de fantas\u00eda y aventuras incre\u00edbles.<\/p>\n<p>De repente, Luna se detuvo en seco y su rostro reflej\u00f3 preocupaci\u00f3n. &#8216;Algo terrible ha sucedido en el bosque&#8217;, susurr\u00f3 con voz temblorosa. &#8216;El malvado brujo Oscuro ha robado la luz de la Luna, la fuente de toda la magia en nuestro bosque. Si no recuperamos la luz antes del amanecer, la magia desaparecer\u00e1 para siempre&#8217;.<\/p>\n<p>Los ni\u00f1os sintieron un escalofr\u00edo recorrer sus cuerpos, pero Sof\u00eda, recordando las historias de valent\u00eda y hero\u00edsmo que Luna le hab\u00eda contado, decidi\u00f3 que deb\u00edan ayudar. &#8216;\u00bfQu\u00e9 podemos hacer, Luna? \u00bfC\u00f3mo podemos recuperar la luz de la Luna?&#8217;, pregunt\u00f3 Lucas con determinaci\u00f3n.<\/p>\n<p>Luna les explic\u00f3 que la \u00fanica manera de vencer al brujo Oscuro era encontrando la Flor de la Esperanza, una flor m\u00e1gica que solo crec\u00eda en lo alto de la Monta\u00f1a de los Secretos. El camino hacia la monta\u00f1a estaba lleno de peligros y desaf\u00edos, pero los ni\u00f1os sab\u00edan que no pod\u00edan rendirse.<\/p>\n<p>Armados con coraje y esperanza, Sof\u00eda y Lucas partieron hacia la Monta\u00f1a de los Secretos. Cruzaron r\u00edos turbulentos, escalaron pe\u00f1ascos y sortearon oscuros t\u00faneles, siempre recordando las ense\u00f1anzas de Luna y el poder de la amistad.<\/p>\n<p>Finalmente, llegaron a la cima de la monta\u00f1a, donde un resplandeciente haz de luz se\u00f1alaba el lugar donde crec\u00eda la Flor de la Esperanza. Sin dudarlo, Sof\u00eda la recogi\u00f3 y en ese momento, sintieron una energ\u00eda m\u00e1gica invadir sus corazones.<\/p>\n<p>Con paso firme, regresaron a la casita de Luna, donde el brujo Oscuro los esperaba con una mirada llena de malicia. Pero los ni\u00f1os, fortalecidos por la luz de la Luna y la Flor de la Esperanza, enfrentaron al brujo con valent\u00eda y determinaci\u00f3n.<\/p>\n<p>En una intensa batalla entre la oscuridad y la luz, Sof\u00eda y Lucas lograron derrotar al brujo Oscuro y devolver la luz a la Luna. El bosque volvi\u00f3 a brillar con magia y color, y todos los seres m\u00e1gicos celebraron la valent\u00eda y la bondad de los ni\u00f1os.<\/p>\n<p>Luna, orgullosa de sus amigos, los abraz\u00f3 con cari\u00f1o y les prometi\u00f3 seguir cont\u00e1ndoles historias secretas durante muchas noches m\u00e1s. Sof\u00eda y Lucas volvieron a sus casas con el coraz\u00f3n lleno de alegr\u00eda, sabiendo que, con valent\u00eda y amistad, pod\u00edan enfrentar cualquier desaf\u00edo que la vida les pusiera por delante.<\/p>\n<hr\/>\n<p>Ap\u00fantate a la newsletter y recibe cuentos como este directamente en tu correo electr\u00f3nico.<\/p>\n<div class=\"wp-block-contact-form-7-contact-form-selector\">\n<div class=\"wpcf7 no-js\" id=\"wpcf7-f759-o1\" lang=\"es-ES\" dir=\"ltr\" data-wpcf7-id=\"759\">\n<div class=\"screen-reader-response\"><p role=\"status\" aria-live=\"polite\" aria-atomic=\"true\"><\/p> <ul><\/ul><\/div>\n<form action=\"\/en\/wp-json\/wp\/v2\/posts\/1369#wpcf7-f759-o1\" method=\"post\" class=\"wpcf7-form init\" aria-label=\"Formulario de contacto\" novalidate=\"novalidate\" data-status=\"init\" data-trp-original-action=\"\/en\/wp-json\/wp\/v2\/posts\/1369#wpcf7-f759-o1\">\n<fieldset class=\"hidden-fields-container\"><input type=\"hidden\" name=\"_wpcf7\" value=\"759\" \/><input type=\"hidden\" name=\"_wpcf7_version\" value=\"6.1.5\" \/><input type=\"hidden\" name=\"_wpcf7_locale\" value=\"es_ES\" \/><input type=\"hidden\" name=\"_wpcf7_unit_tag\" value=\"wpcf7-f759-o1\" \/><input type=\"hidden\" name=\"_wpcf7_container_post\" value=\"0\" \/><input type=\"hidden\" name=\"_wpcf7_posted_data_hash\" value=\"\" \/>\n<\/fieldset>\n<p><label> Tu email aqu\u00ed <\/label><br \/>\n<span class=\"wpcf7-form-control-wrap\" data-name=\"your-email\"><input size=\"40\" maxlength=\"400\" class=\"wpcf7-form-control wpcf7-email wpcf7-validates-as-required wpcf7-text wpcf7-validates-as-email\" id=\"input_mail_suscription\" autocomplete=\"email\" aria-required=\"true\" aria-invalid=\"false\" value=\"\" type=\"email\" name=\"your-email\" \/><\/span>\n<\/p>\n<p><span class=\"wpcf7-form-control-wrap\" data-name=\"verify\"><span class=\"wpcf7-form-control wpcf7-checkbox wpcf7-validates-as-required\"><span class=\"wpcf7-list-item first last\"><label><input type=\"checkbox\" name=\"verify[]\" value=\"Estoy de acuerdo en recibir los cuentos en mi direcci\u00f3n de correo electr\u00f3nico\" \/><span class=\"wpcf7-list-item-label\">Estoy de acuerdo en recibir los cuentos en mi direcci\u00f3n de correo electr\u00f3nico<\/span><\/label><\/span><\/span><\/span>\n<\/p>\n<p><input class=\"wpcf7-form-control wpcf7-submit has-spinner\" id=\"submit_suscription\" type=\"submit\" value=\"Enviar\" \/>\n<\/p><input type=\"hidden\" id=\"gr_form_nonce\" name=\"gr_form_nonce\" value=\"18aa6907eb\" \/><input type=\"hidden\" name=\"_wp_http_referer\" value=\"\/en\/wp-json\/wp\/v2\/posts\/1369\" \/><div class=\"wpcf7-response-output\" aria-hidden=\"true\"><\/div>\n<input type=\"hidden\" name=\"trp-form-language\" value=\"en\"\/><\/form>\n<\/div>\n<\/div>","protected":false},"excerpt":{"rendered":"<p>\u00c9rase una vez en un lejano bosque encantado, una mu\u00f1eca muy especial llamada Luna. Lo que hac\u00eda a Luna diferente de las dem\u00e1s mu\u00f1ecas, era que ten\u00eda la habilidad de contar historias secretas a los ni\u00f1os que se acercaban a ella por las noches. Estas historias no las pod\u00eda escuchar cualquiera, solo aquellos con un &#8230; <a title=\"La mu\u00f1eca que contaba historias secretas\" class=\"read-more\" href=\"https:\/\/cuentia.es\/en\/cuentia\/la-muneca-que-contaba-historias-secretas\/\" aria-label=\"Read more about La mu\u00f1eca que contaba historias secretas\">Read more<\/a><\/p>","protected":false},"author":1,"featured_media":0,"comment_status":"","ping_status":"open","sticky":false,"template":"","format":"standard","meta":{"footnotes":""},"categories":[22],"tags":[],"class_list":["post-1369","post","type-post","status-publish","format-standard","hentry","category-cuentia"],"aioseo_notices":[],"_links":{"self":[{"href":"https:\/\/cuentia.es\/en\/wp-json\/wp\/v2\/posts\/1369","targetHints":{"allow":["GET"]}}],"collection":[{"href":"https:\/\/cuentia.es\/en\/wp-json\/wp\/v2\/posts"}],"about":[{"href":"https:\/\/cuentia.es\/en\/wp-json\/wp\/v2\/types\/post"}],"author":[{"embeddable":true,"href":"https:\/\/cuentia.es\/en\/wp-json\/wp\/v2\/users\/1"}],"replies":[{"embeddable":true,"href":"https:\/\/cuentia.es\/en\/wp-json\/wp\/v2\/comments?post=1369"}],"version-history":[{"count":0,"href":"https:\/\/cuentia.es\/en\/wp-json\/wp\/v2\/posts\/1369\/revisions"}],"wp:attachment":[{"href":"https:\/\/cuentia.es\/en\/wp-json\/wp\/v2\/media?parent=1369"}],"wp:term":[{"taxonomy":"category","embeddable":true,"href":"https:\/\/cuentia.es\/en\/wp-json\/wp\/v2\/categories?post=1369"},{"taxonomy":"post_tag","embeddable":true,"href":"https:\/\/cuentia.es\/en\/wp-json\/wp\/v2\/tags?post=1369"}],"curies":[{"name":"wp","href":"https:\/\/api.w.org\/{rel}","templated":true}]}}