{"id":1371,"date":"2025-08-14T19:01:18","date_gmt":"2025-08-14T17:01:18","guid":{"rendered":"https:\/\/cuentia.es\/sin-categoria\/la-nina-que-encontro-el-ultimo-color\/"},"modified":"2025-08-14T19:01:18","modified_gmt":"2025-08-14T17:01:18","slug":"la-nina-que-encontro-el-ultimo-color","status":"publish","type":"post","link":"https:\/\/cuentia.es\/en\/cuentia\/la-nina-que-encontro-el-ultimo-color\/","title":{"rendered":"La ni\u00f1a que encontr\u00f3 el \u00faltimo color"},"content":{"rendered":"<p>\u00c9rase una vez, en un peque\u00f1o pueblo rodeado de monta\u00f1as y r\u00edos, una ni\u00f1a llamada Sofia. Sofia era conocida por su gran curiosidad y su amor por los colores. Siempre estaba dibujando y pintando, buscando el color perfecto que pudiera plasmar en sus obras. Pero un d\u00eda, mientras paseaba por el bosque, descubri\u00f3 algo sorprendente: \u00a1hab\u00eda encontrado el \u00faltimo color!<\/p>\n<p>El color era tan vibrante y brillante que no se parec\u00eda a nada que Sofia hubiera visto antes. Estaba decidida a capturar ese color en sus dibujos, pero cuando intentaba plasmarlo en papel, el color desaparec\u00eda como por arte de magia.<\/p>\n<p>Confundida y desanimada, Sofia decidi\u00f3 pedir ayuda a su amiga, la anciana del pueblo. La anciana, con sus a\u00f1os de sabidur\u00eda, le dijo: \u00abQuerida Sofia, el \u00faltimo color es especial y m\u00e1gico. No se puede atrapar con un pincel, pero s\u00ed con el coraz\u00f3n. Debes buscar dentro de ti y encontrar la forma de expresar ese color de una manera \u00fanica\u00bb.<\/p>\n<p>Con estas palabras resonando en su mente, Sofia se fue a casa y se sent\u00f3 frente a su hoja en blanco. Cerr\u00f3 los ojos, respir\u00f3 profundamente y se concentr\u00f3 en sus sentimientos. <br \/>De repente, record\u00f3 un momento especial con su familia en el que se sent\u00eda feliz y llena de amor. Abri\u00f3 los ojos y empez\u00f3 a dibujar, dejando que su coraz\u00f3n guiara su mano.<\/p>\n<p>Poco a poco, el \u00faltimo color comenz\u00f3 a plasmarse en el papel. Los trazos de Sofia reflejaban la alegr\u00eda, la calidez y la magia del color. Cuando termin\u00f3, sinti\u00f3 su coraz\u00f3n lleno de felicidad y emoci\u00f3n. Hab\u00eda logrado capturar el \u00faltimo color de una forma que nunca imagin\u00f3.<\/p>\n<p>Corri\u00f3 a mostrar su dibujo a la anciana y esta sonri\u00f3 con ternura. \u00abHas descubierto el secreto, querida Sofia. El \u00faltimo color no se ve, se siente. Y t\u00fa lo has sentido con todo tu ser\u00bb.<\/p>\n<p>Desde ese d\u00eda, Sofia sigui\u00f3 pintando y dibujando, pero con una nueva perspectiva. Sab\u00eda que los colores no solo estaban en el exterior, sino tambi\u00e9n en su interior. Y que, con amor y pasi\u00f3n, pod\u00eda crear obras llenas de magia y vida.<\/p>\n<p>Y as\u00ed, la ni\u00f1a que encontr\u00f3 el \u00faltimo color se convirti\u00f3 en la artista m\u00e1s famosa del pueblo, inspirando a todos con su creatividad y su coraz\u00f3n.<\/p>\n<hr\/>\n<p>Ap\u00fantate a la newsletter y recibe cuentos como este directamente en tu correo electr\u00f3nico.<\/p>\n<div class=\"wp-block-contact-form-7-contact-form-selector\">\n<div class=\"wpcf7 no-js\" id=\"wpcf7-f759-o1\" lang=\"es-ES\" dir=\"ltr\" data-wpcf7-id=\"759\">\n<div class=\"screen-reader-response\"><p role=\"status\" aria-live=\"polite\" aria-atomic=\"true\"><\/p> <ul><\/ul><\/div>\n<form action=\"\/en\/wp-json\/wp\/v2\/posts\/1371#wpcf7-f759-o1\" method=\"post\" class=\"wpcf7-form init\" aria-label=\"Formulario de contacto\" novalidate=\"novalidate\" data-status=\"init\" data-trp-original-action=\"\/en\/wp-json\/wp\/v2\/posts\/1371#wpcf7-f759-o1\">\n<fieldset class=\"hidden-fields-container\"><input type=\"hidden\" name=\"_wpcf7\" value=\"759\" \/><input type=\"hidden\" name=\"_wpcf7_version\" value=\"6.1.5\" \/><input type=\"hidden\" name=\"_wpcf7_locale\" value=\"es_ES\" \/><input type=\"hidden\" name=\"_wpcf7_unit_tag\" value=\"wpcf7-f759-o1\" \/><input type=\"hidden\" name=\"_wpcf7_container_post\" value=\"0\" \/><input type=\"hidden\" name=\"_wpcf7_posted_data_hash\" value=\"\" \/>\n<\/fieldset>\n<p><label> Tu email aqu\u00ed <\/label><br \/>\n<span class=\"wpcf7-form-control-wrap\" data-name=\"your-email\"><input size=\"40\" maxlength=\"400\" class=\"wpcf7-form-control wpcf7-email wpcf7-validates-as-required wpcf7-text wpcf7-validates-as-email\" id=\"input_mail_suscription\" autocomplete=\"email\" aria-required=\"true\" aria-invalid=\"false\" value=\"\" type=\"email\" name=\"your-email\" \/><\/span>\n<\/p>\n<p><span class=\"wpcf7-form-control-wrap\" data-name=\"verify\"><span class=\"wpcf7-form-control wpcf7-checkbox wpcf7-validates-as-required\"><span class=\"wpcf7-list-item first last\"><label><input type=\"checkbox\" name=\"verify[]\" value=\"Estoy de acuerdo en recibir los cuentos en mi direcci\u00f3n de correo electr\u00f3nico\" \/><span class=\"wpcf7-list-item-label\">Estoy de acuerdo en recibir los cuentos en mi direcci\u00f3n de correo electr\u00f3nico<\/span><\/label><\/span><\/span><\/span>\n<\/p>\n<p><input class=\"wpcf7-form-control wpcf7-submit has-spinner\" id=\"submit_suscription\" type=\"submit\" value=\"Enviar\" \/>\n<\/p><input type=\"hidden\" id=\"gr_form_nonce\" name=\"gr_form_nonce\" value=\"18aa6907eb\" \/><input type=\"hidden\" name=\"_wp_http_referer\" value=\"\/en\/wp-json\/wp\/v2\/posts\/1371\" \/><div class=\"wpcf7-response-output\" aria-hidden=\"true\"><\/div>\n<input type=\"hidden\" name=\"trp-form-language\" value=\"en\"\/><\/form>\n<\/div>\n<\/div>","protected":false},"excerpt":{"rendered":"<p>\u00c9rase una vez, en un peque\u00f1o pueblo rodeado de monta\u00f1as y r\u00edos, una ni\u00f1a llamada Sofia. Sofia era conocida por su gran curiosidad y su amor por los colores. Siempre estaba dibujando y pintando, buscando el color perfecto que pudiera plasmar en sus obras. Pero un d\u00eda, mientras paseaba por el bosque, descubri\u00f3 algo sorprendente: &#8230; <a title=\"La ni\u00f1a que encontr\u00f3 el \u00faltimo color\" class=\"read-more\" href=\"https:\/\/cuentia.es\/en\/cuentia\/la-nina-que-encontro-el-ultimo-color\/\" aria-label=\"Read more about La ni\u00f1a que encontr\u00f3 el \u00faltimo color\">Read more<\/a><\/p>","protected":false},"author":1,"featured_media":0,"comment_status":"","ping_status":"open","sticky":false,"template":"","format":"standard","meta":{"footnotes":""},"categories":[22],"tags":[],"class_list":["post-1371","post","type-post","status-publish","format-standard","hentry","category-cuentia"],"aioseo_notices":[],"_links":{"self":[{"href":"https:\/\/cuentia.es\/en\/wp-json\/wp\/v2\/posts\/1371","targetHints":{"allow":["GET"]}}],"collection":[{"href":"https:\/\/cuentia.es\/en\/wp-json\/wp\/v2\/posts"}],"about":[{"href":"https:\/\/cuentia.es\/en\/wp-json\/wp\/v2\/types\/post"}],"author":[{"embeddable":true,"href":"https:\/\/cuentia.es\/en\/wp-json\/wp\/v2\/users\/1"}],"replies":[{"embeddable":true,"href":"https:\/\/cuentia.es\/en\/wp-json\/wp\/v2\/comments?post=1371"}],"version-history":[{"count":0,"href":"https:\/\/cuentia.es\/en\/wp-json\/wp\/v2\/posts\/1371\/revisions"}],"wp:attachment":[{"href":"https:\/\/cuentia.es\/en\/wp-json\/wp\/v2\/media?parent=1371"}],"wp:term":[{"taxonomy":"category","embeddable":true,"href":"https:\/\/cuentia.es\/en\/wp-json\/wp\/v2\/categories?post=1371"},{"taxonomy":"post_tag","embeddable":true,"href":"https:\/\/cuentia.es\/en\/wp-json\/wp\/v2\/tags?post=1371"}],"curies":[{"name":"wp","href":"https:\/\/api.w.org\/{rel}","templated":true}]}}