{"id":1375,"date":"2025-08-18T19:01:17","date_gmt":"2025-08-18T17:01:17","guid":{"rendered":"https:\/\/cuentia.es\/sin-categoria\/el-chico-que-se-volvio-parte-del-viento\/"},"modified":"2025-08-18T19:01:17","modified_gmt":"2025-08-18T17:01:17","slug":"el-chico-que-se-volvio-parte-del-viento","status":"publish","type":"post","link":"https:\/\/cuentia.es\/en\/cuentia\/el-chico-que-se-volvio-parte-del-viento\/","title":{"rendered":"El chico que se volvi\u00f3 parte del viento"},"content":{"rendered":"<p>Hab\u00eda una vez en un peque\u00f1o pueblo, un chico llamado Mateo que so\u00f1aba con volar tan alto como el viento y recorrer todos los rincones del mundo. Desde que era muy peque\u00f1o, Mateo pasaba horas mirando el cielo y sintiendo la suave caricia del viento en su rostro.<\/p>\n<p>Un d\u00eda, mientras paseaba por el bosque, Mateo se encontr\u00f3 con una hada m\u00e1gica que le dijo: &#8216;Si quieres volar como el viento, debes demostrar tu valent\u00eda y tu bondad en una gran prueba&#8217;.<\/p>\n<p>Mateo, emocionado por la posibilidad de cumplir su sue\u00f1o, acept\u00f3 el desaf\u00edo sin dudarlo. La hada le explic\u00f3 que deb\u00eda encontrar y liberar a un p\u00e1jaro m\u00e1gico atrapado en lo alto de la monta\u00f1a m\u00e1s alta del reino. Solo entonces, podr\u00eda convertirse en parte del viento.<\/p>\n<p>Con valent\u00eda en el coraz\u00f3n, Mateo emprendi\u00f3 su viaje hacia la monta\u00f1a. En su camino, enfrent\u00f3 peligros y desaf\u00edos, pero nada lo deten\u00eda en su misi\u00f3n. Finalmente, lleg\u00f3 a la cima de la monta\u00f1a y descubri\u00f3 al p\u00e1jaro m\u00e1gico atrapado en una jaula de cristal.<\/p>\n<p>&#8216;No temas, peque\u00f1o p\u00e1jaro. He venido a liberarte&#8217;, dijo Mateo con ternura mientras abr\u00eda la jaula. En ese momento, una luz brillante envolvi\u00f3 al p\u00e1jaro y a Mateo, y juntos se elevaron en el aire.<\/p>\n<p>De repente, Mateo sinti\u00f3 como si su cuerpo se desvaneciera y se fundiera con el viento. Se convirti\u00f3 en parte de la brisa suave que acariciaba los campos y las monta\u00f1as, viajando a lugares lejanos y llevando esperanza y alegr\u00eda a todos los corazones. <\/p>\n<p>Desde entonces, Mateo, el chico que se volvi\u00f3 parte del viento, sigui\u00f3 surcando los cielos y cuidando de la naturaleza con amor y dedicaci\u00f3n, recordando siempre la importancia de la valent\u00eda y la bondad en su incre\u00edble aventura.<\/p>\n<hr\/>\n<p>Ap\u00fantate a la newsletter y recibe cuentos como este directamente en tu correo electr\u00f3nico.<\/p>\n<div class=\"wp-block-contact-form-7-contact-form-selector\">\n<div class=\"wpcf7 no-js\" id=\"wpcf7-f759-o1\" lang=\"es-ES\" dir=\"ltr\" data-wpcf7-id=\"759\">\n<div class=\"screen-reader-response\"><p role=\"status\" aria-live=\"polite\" aria-atomic=\"true\"><\/p> <ul><\/ul><\/div>\n<form action=\"\/en\/wp-json\/wp\/v2\/posts\/1375#wpcf7-f759-o1\" method=\"post\" class=\"wpcf7-form init\" aria-label=\"Formulario de contacto\" novalidate=\"novalidate\" data-status=\"init\" data-trp-original-action=\"\/en\/wp-json\/wp\/v2\/posts\/1375#wpcf7-f759-o1\">\n<fieldset class=\"hidden-fields-container\"><input type=\"hidden\" name=\"_wpcf7\" value=\"759\" \/><input type=\"hidden\" name=\"_wpcf7_version\" value=\"6.1.5\" \/><input type=\"hidden\" name=\"_wpcf7_locale\" value=\"es_ES\" \/><input type=\"hidden\" name=\"_wpcf7_unit_tag\" value=\"wpcf7-f759-o1\" \/><input type=\"hidden\" name=\"_wpcf7_container_post\" value=\"0\" \/><input type=\"hidden\" name=\"_wpcf7_posted_data_hash\" value=\"\" \/>\n<\/fieldset>\n<p><label> Tu email aqu\u00ed <\/label><br \/>\n<span class=\"wpcf7-form-control-wrap\" data-name=\"your-email\"><input size=\"40\" maxlength=\"400\" class=\"wpcf7-form-control wpcf7-email wpcf7-validates-as-required wpcf7-text wpcf7-validates-as-email\" id=\"input_mail_suscription\" autocomplete=\"email\" aria-required=\"true\" aria-invalid=\"false\" value=\"\" type=\"email\" name=\"your-email\" \/><\/span>\n<\/p>\n<p><span class=\"wpcf7-form-control-wrap\" data-name=\"verify\"><span class=\"wpcf7-form-control wpcf7-checkbox wpcf7-validates-as-required\"><span class=\"wpcf7-list-item first last\"><label><input type=\"checkbox\" name=\"verify[]\" value=\"Estoy de acuerdo en recibir los cuentos en mi direcci\u00f3n de correo electr\u00f3nico\" \/><span class=\"wpcf7-list-item-label\">Estoy de acuerdo en recibir los cuentos en mi direcci\u00f3n de correo electr\u00f3nico<\/span><\/label><\/span><\/span><\/span>\n<\/p>\n<p><input class=\"wpcf7-form-control wpcf7-submit has-spinner\" id=\"submit_suscription\" type=\"submit\" value=\"Enviar\" \/>\n<\/p><input type=\"hidden\" id=\"gr_form_nonce\" name=\"gr_form_nonce\" value=\"b1c3aacf60\" \/><input type=\"hidden\" name=\"_wp_http_referer\" value=\"\/en\/wp-json\/wp\/v2\/posts\/1375\" \/><div class=\"wpcf7-response-output\" aria-hidden=\"true\"><\/div>\n<input type=\"hidden\" name=\"trp-form-language\" value=\"en\"\/><\/form>\n<\/div>\n<\/div>","protected":false},"excerpt":{"rendered":"<p>Hab\u00eda una vez en un peque\u00f1o pueblo, un chico llamado Mateo que so\u00f1aba con volar tan alto como el viento y recorrer todos los rincones del mundo. Desde que era muy peque\u00f1o, Mateo pasaba horas mirando el cielo y sintiendo la suave caricia del viento en su rostro. Un d\u00eda, mientras paseaba por el bosque, &#8230; <a title=\"El chico que se volvi\u00f3 parte del viento\" class=\"read-more\" href=\"https:\/\/cuentia.es\/en\/cuentia\/el-chico-que-se-volvio-parte-del-viento\/\" aria-label=\"Read more about El chico que se volvi\u00f3 parte del viento\">Read more<\/a><\/p>","protected":false},"author":1,"featured_media":0,"comment_status":"","ping_status":"open","sticky":false,"template":"","format":"standard","meta":{"footnotes":""},"categories":[22],"tags":[],"class_list":["post-1375","post","type-post","status-publish","format-standard","hentry","category-cuentia"],"aioseo_notices":[],"_links":{"self":[{"href":"https:\/\/cuentia.es\/en\/wp-json\/wp\/v2\/posts\/1375","targetHints":{"allow":["GET"]}}],"collection":[{"href":"https:\/\/cuentia.es\/en\/wp-json\/wp\/v2\/posts"}],"about":[{"href":"https:\/\/cuentia.es\/en\/wp-json\/wp\/v2\/types\/post"}],"author":[{"embeddable":true,"href":"https:\/\/cuentia.es\/en\/wp-json\/wp\/v2\/users\/1"}],"replies":[{"embeddable":true,"href":"https:\/\/cuentia.es\/en\/wp-json\/wp\/v2\/comments?post=1375"}],"version-history":[{"count":0,"href":"https:\/\/cuentia.es\/en\/wp-json\/wp\/v2\/posts\/1375\/revisions"}],"wp:attachment":[{"href":"https:\/\/cuentia.es\/en\/wp-json\/wp\/v2\/media?parent=1375"}],"wp:term":[{"taxonomy":"category","embeddable":true,"href":"https:\/\/cuentia.es\/en\/wp-json\/wp\/v2\/categories?post=1375"},{"taxonomy":"post_tag","embeddable":true,"href":"https:\/\/cuentia.es\/en\/wp-json\/wp\/v2\/tags?post=1375"}],"curies":[{"name":"wp","href":"https:\/\/api.w.org\/{rel}","templated":true}]}}