{"id":1379,"date":"2025-08-22T19:01:10","date_gmt":"2025-08-22T17:01:10","guid":{"rendered":"https:\/\/cuentia.es\/sin-categoria\/el-mapa-hacia-los-suenos-olvidados\/"},"modified":"2025-08-22T19:01:10","modified_gmt":"2025-08-22T17:01:10","slug":"el-mapa-hacia-los-suenos-olvidados","status":"publish","type":"post","link":"https:\/\/cuentia.es\/en\/cuentia\/el-mapa-hacia-los-suenos-olvidados\/","title":{"rendered":"El mapa hacia los sue\u00f1os olvidados"},"content":{"rendered":"<p>\u00c9rase una vez en un peque\u00f1o pueblo encantado, viv\u00eda Marta, una ni\u00f1a curiosa y valiente que siempre so\u00f1aba con aventuras emocionantes. Una noche, mientras dorm\u00eda pl\u00e1cidamente en su cama, Marta empez\u00f3 a recordar fragmentos de sus sue\u00f1os olvidados.<\/p>\n<p>En sus sue\u00f1os, ve\u00eda un mapa m\u00e1gico que la guiaba hacia un tesoro especial, aquel que cumplir\u00eda sus m\u00e1s grandes deseos. Pero al despertar, el mapa desaparec\u00eda de su mente, dej\u00e1ndola con una sensaci\u00f3n de nostalgia y misterio.<\/p>\n<p>Decidida a descubrir la verdad detr\u00e1s de sus sue\u00f1os olvidados, Marta emprendi\u00f3 un viaje en busca del mapa m\u00e1gico. En su camino, se encontr\u00f3 con el Sabio del Bosque, un anciano sabio que conoc\u00eda los secretos de la naturaleza.<\/p>\n<p>El Sabio del Bosque, con una mirada comprensiva, le dijo a Marta: &#8216;Para encontrar el mapa hacia tus sue\u00f1os olvidados, debes buscar en lo m\u00e1s profundo de tu coraz\u00f3n y recordar lo que realmente anhelas&#8217;. Con estas palabras en mente, Marta continu\u00f3 su viaje con renovada determinaci\u00f3n.<\/p>\n<p>En su traves\u00eda, Marta se enfrent\u00f3 a diversos desaf\u00edos y obst\u00e1culos que pusieron a prueba su coraje y perseverancia. Pero cada vez que sent\u00eda dudas, recordaba las palabras del Sabio del Bosque y segu\u00eda adelante.<\/p>\n<p>Finalmente, despu\u00e9s de superar todas las pruebas, Marta lleg\u00f3 a la Cima de las Nubes, un lugar m\u00e1gico donde se dec\u00eda que los sue\u00f1os se hac\u00edan realidad. All\u00ed, encontr\u00f3 el mapa m\u00e1gico que tanto buscaba, brillando con una luz dorada y llena de s\u00edmbolos misteriosos.<\/p>\n<p>Con manos temblorosas, Marta tom\u00f3 el mapa y en ese momento, una r\u00e1faga de viento m\u00e1gico la rode\u00f3, transport\u00e1ndola a un mundo de ensue\u00f1o donde todo era posible. En ese lugar, se dio cuenta de que el verdadero tesoro no era un objeto material, sino la fuerza interior para seguir sus sue\u00f1os y hacerlos realidad.<\/p>\n<p>Emocionada, Marta regres\u00f3 al pueblo encantado con el mapa en mano, lista para emprender nuevas aventuras y compartir su valiosa lecci\u00f3n con todos los que la rodeaban.<\/p>\n<p>Y as\u00ed, Marta comprendi\u00f3 que los sue\u00f1os olvidados pueden convertirse en poderosas gu\u00edas hacia un futuro lleno de magia y posibilidades infinitas.<\/p>\n<hr\/>\n<p>Ap\u00fantate a la newsletter y recibe cuentos como este directamente en tu correo electr\u00f3nico.<\/p>\n<div class=\"wp-block-contact-form-7-contact-form-selector\">\n<div class=\"wpcf7 no-js\" id=\"wpcf7-f759-o1\" lang=\"es-ES\" dir=\"ltr\" data-wpcf7-id=\"759\">\n<div class=\"screen-reader-response\"><p role=\"status\" aria-live=\"polite\" aria-atomic=\"true\"><\/p> <ul><\/ul><\/div>\n<form action=\"\/en\/wp-json\/wp\/v2\/posts\/1379#wpcf7-f759-o1\" method=\"post\" class=\"wpcf7-form init\" aria-label=\"Formulario de contacto\" novalidate=\"novalidate\" data-status=\"init\" data-trp-original-action=\"\/en\/wp-json\/wp\/v2\/posts\/1379#wpcf7-f759-o1\">\n<fieldset class=\"hidden-fields-container\"><input type=\"hidden\" name=\"_wpcf7\" value=\"759\" \/><input type=\"hidden\" name=\"_wpcf7_version\" value=\"6.1.5\" \/><input type=\"hidden\" name=\"_wpcf7_locale\" value=\"es_ES\" \/><input type=\"hidden\" name=\"_wpcf7_unit_tag\" value=\"wpcf7-f759-o1\" \/><input type=\"hidden\" name=\"_wpcf7_container_post\" value=\"0\" \/><input type=\"hidden\" name=\"_wpcf7_posted_data_hash\" value=\"\" \/>\n<\/fieldset>\n<p><label> Tu email aqu\u00ed <\/label><br \/>\n<span class=\"wpcf7-form-control-wrap\" data-name=\"your-email\"><input size=\"40\" maxlength=\"400\" class=\"wpcf7-form-control wpcf7-email wpcf7-validates-as-required wpcf7-text wpcf7-validates-as-email\" id=\"input_mail_suscription\" autocomplete=\"email\" aria-required=\"true\" aria-invalid=\"false\" value=\"\" type=\"email\" name=\"your-email\" \/><\/span>\n<\/p>\n<p><span class=\"wpcf7-form-control-wrap\" data-name=\"verify\"><span class=\"wpcf7-form-control wpcf7-checkbox wpcf7-validates-as-required\"><span class=\"wpcf7-list-item first last\"><label><input type=\"checkbox\" name=\"verify[]\" value=\"Estoy de acuerdo en recibir los cuentos en mi direcci\u00f3n de correo electr\u00f3nico\" \/><span class=\"wpcf7-list-item-label\">Estoy de acuerdo en recibir los cuentos en mi direcci\u00f3n de correo electr\u00f3nico<\/span><\/label><\/span><\/span><\/span>\n<\/p>\n<p><input class=\"wpcf7-form-control wpcf7-submit has-spinner\" id=\"submit_suscription\" type=\"submit\" value=\"Enviar\" \/>\n<\/p><input type=\"hidden\" id=\"gr_form_nonce\" name=\"gr_form_nonce\" value=\"b1c3aacf60\" \/><input type=\"hidden\" name=\"_wp_http_referer\" value=\"\/en\/wp-json\/wp\/v2\/posts\/1379\" \/><div class=\"wpcf7-response-output\" aria-hidden=\"true\"><\/div>\n<input type=\"hidden\" name=\"trp-form-language\" value=\"en\"\/><\/form>\n<\/div>\n<\/div>","protected":false},"excerpt":{"rendered":"<p>\u00c9rase una vez en un peque\u00f1o pueblo encantado, viv\u00eda Marta, una ni\u00f1a curiosa y valiente que siempre so\u00f1aba con aventuras emocionantes. Una noche, mientras dorm\u00eda pl\u00e1cidamente en su cama, Marta empez\u00f3 a recordar fragmentos de sus sue\u00f1os olvidados. En sus sue\u00f1os, ve\u00eda un mapa m\u00e1gico que la guiaba hacia un tesoro especial, aquel que cumplir\u00eda &#8230; <a title=\"El mapa hacia los sue\u00f1os olvidados\" class=\"read-more\" href=\"https:\/\/cuentia.es\/en\/cuentia\/el-mapa-hacia-los-suenos-olvidados\/\" aria-label=\"Read more about El mapa hacia los sue\u00f1os olvidados\">Read more<\/a><\/p>","protected":false},"author":1,"featured_media":0,"comment_status":"","ping_status":"open","sticky":false,"template":"","format":"standard","meta":{"footnotes":""},"categories":[22],"tags":[],"class_list":["post-1379","post","type-post","status-publish","format-standard","hentry","category-cuentia"],"aioseo_notices":[],"_links":{"self":[{"href":"https:\/\/cuentia.es\/en\/wp-json\/wp\/v2\/posts\/1379","targetHints":{"allow":["GET"]}}],"collection":[{"href":"https:\/\/cuentia.es\/en\/wp-json\/wp\/v2\/posts"}],"about":[{"href":"https:\/\/cuentia.es\/en\/wp-json\/wp\/v2\/types\/post"}],"author":[{"embeddable":true,"href":"https:\/\/cuentia.es\/en\/wp-json\/wp\/v2\/users\/1"}],"replies":[{"embeddable":true,"href":"https:\/\/cuentia.es\/en\/wp-json\/wp\/v2\/comments?post=1379"}],"version-history":[{"count":0,"href":"https:\/\/cuentia.es\/en\/wp-json\/wp\/v2\/posts\/1379\/revisions"}],"wp:attachment":[{"href":"https:\/\/cuentia.es\/en\/wp-json\/wp\/v2\/media?parent=1379"}],"wp:term":[{"taxonomy":"category","embeddable":true,"href":"https:\/\/cuentia.es\/en\/wp-json\/wp\/v2\/categories?post=1379"},{"taxonomy":"post_tag","embeddable":true,"href":"https:\/\/cuentia.es\/en\/wp-json\/wp\/v2\/tags?post=1379"}],"curies":[{"name":"wp","href":"https:\/\/api.w.org\/{rel}","templated":true}]}}