{"id":1381,"date":"2025-08-24T19:01:06","date_gmt":"2025-08-24T17:01:06","guid":{"rendered":"https:\/\/cuentia.es\/sin-categoria\/la-chaqueta-que-hacia-invisible-al-que-la-usara\/"},"modified":"2025-08-24T19:01:06","modified_gmt":"2025-08-24T17:01:06","slug":"la-chaqueta-que-hacia-invisible-al-que-la-usara","status":"publish","type":"post","link":"https:\/\/cuentia.es\/en\/cuentia\/la-chaqueta-que-hacia-invisible-al-que-la-usara\/","title":{"rendered":"La chaqueta que hac\u00eda invisible al que la usara"},"content":{"rendered":"<p>En un peque\u00f1o pueblo, viv\u00eda un ni\u00f1o llamado Marcos que siempre so\u00f1aba con poder volar como un p\u00e1jaro. Un d\u00eda, mientras exploraba el desv\u00e1n de su abuelita, descubri\u00f3 una vieja chaqueta de cuero con extra\u00f1os dibujos en la espalda. Al pon\u00e9rsela, \u00a1oh sorpresa!, \u00a1se volvi\u00f3 invisible!<\/p>\n<p>Emocionado, Marcos sali\u00f3 corriendo a la plaza del pueblo para probar su nueva habilidad. Pas\u00f3 desapercibido entre los vecinos, jugando mil travesuras. Pero pronto se dio cuenta de que ser invisible tambi\u00e9n ten\u00eda sus desventajas. No pod\u00eda hablar con nadie, nadie pod\u00eda verle ni escucharle.<\/p>\n<p>Confundido y un poco asustado, Marcos regres\u00f3 a casa y se quit\u00f3 la chaqueta. Al d\u00eda siguiente, decidi\u00f3 llevarla a la escuela para contarle a su amiga Elena su incre\u00edble descubrimiento. Pero al pon\u00e9rsela frente a ella, esta vez la chaqueta no funcion\u00f3. Por m\u00e1s que lo intentara, Marcos segu\u00eda visible como siempre. Elena se ri\u00f3 y le dijo: \u00ab\u00a1Seguro que ha sido solo un sue\u00f1o!\u00bb<\/p>\n<p>Desanimado, Marcos se march\u00f3 a su casa pensando que quiz\u00e1s todo hab\u00eda sido producto de su imaginaci\u00f3n. Sin embargo, esa noche, al escuchar un ruido en el jard\u00edn, se acerc\u00f3 sigilosamente con la chaqueta puesta y, de repente, \u00a1volvi\u00f3 a volverse invisible!<\/p>\n<p>Al salir al jard\u00edn, Marcos descubri\u00f3 que el ruido proven\u00eda de un pajarito atrapado en un arbusto. Sin dudarlo, decidi\u00f3 ayudarlo a escapar. Con su invisibilidad, logr\u00f3 acercarse al p\u00e1jaro sin asustarlo y liberarlo con cuidado. El pajarito, agradecido, revolote\u00f3 alegremente alrededor de Marcos antes de partir hacia el cielo.<\/p>\n<p>Desde ese d\u00eda, Marcos supo que la chaqueta no funcionaba por arte de magia, sino que solo se activaba cuando ten\u00eda la oportunidad de hacer algo bueno por los dem\u00e1s, sin esperar nada a cambio. Y as\u00ed, se convirti\u00f3 en el h\u00e9roe invisible del pueblo, ayudando secretamente a quienes lo necesitaban, siempre con una sonrisa en su rostro.<\/p>\n<hr\/>\n<p>Ap\u00fantate a la newsletter y recibe cuentos como este directamente en tu correo electr\u00f3nico.<\/p>\n<div class=\"wp-block-contact-form-7-contact-form-selector\">\n<div class=\"wpcf7 no-js\" id=\"wpcf7-f759-o1\" lang=\"es-ES\" dir=\"ltr\" data-wpcf7-id=\"759\">\n<div class=\"screen-reader-response\"><p role=\"status\" aria-live=\"polite\" aria-atomic=\"true\"><\/p> <ul><\/ul><\/div>\n<form action=\"\/en\/wp-json\/wp\/v2\/posts\/1381#wpcf7-f759-o1\" method=\"post\" class=\"wpcf7-form init\" aria-label=\"Formulario de contacto\" novalidate=\"novalidate\" data-status=\"init\" data-trp-original-action=\"\/en\/wp-json\/wp\/v2\/posts\/1381#wpcf7-f759-o1\">\n<fieldset class=\"hidden-fields-container\"><input type=\"hidden\" name=\"_wpcf7\" value=\"759\" \/><input type=\"hidden\" name=\"_wpcf7_version\" value=\"6.1.5\" \/><input type=\"hidden\" name=\"_wpcf7_locale\" value=\"es_ES\" \/><input type=\"hidden\" name=\"_wpcf7_unit_tag\" value=\"wpcf7-f759-o1\" \/><input type=\"hidden\" name=\"_wpcf7_container_post\" value=\"0\" \/><input type=\"hidden\" name=\"_wpcf7_posted_data_hash\" value=\"\" \/>\n<\/fieldset>\n<p><label> Tu email aqu\u00ed <\/label><br \/>\n<span class=\"wpcf7-form-control-wrap\" data-name=\"your-email\"><input size=\"40\" maxlength=\"400\" class=\"wpcf7-form-control wpcf7-email wpcf7-validates-as-required wpcf7-text wpcf7-validates-as-email\" id=\"input_mail_suscription\" autocomplete=\"email\" aria-required=\"true\" aria-invalid=\"false\" value=\"\" type=\"email\" name=\"your-email\" \/><\/span>\n<\/p>\n<p><span class=\"wpcf7-form-control-wrap\" data-name=\"verify\"><span class=\"wpcf7-form-control wpcf7-checkbox wpcf7-validates-as-required\"><span class=\"wpcf7-list-item first last\"><label><input type=\"checkbox\" name=\"verify[]\" value=\"Estoy de acuerdo en recibir los cuentos en mi direcci\u00f3n de correo electr\u00f3nico\" \/><span class=\"wpcf7-list-item-label\">Estoy de acuerdo en recibir los cuentos en mi direcci\u00f3n de correo electr\u00f3nico<\/span><\/label><\/span><\/span><\/span>\n<\/p>\n<p><input class=\"wpcf7-form-control wpcf7-submit has-spinner\" id=\"submit_suscription\" type=\"submit\" value=\"Enviar\" \/>\n<\/p><input type=\"hidden\" id=\"gr_form_nonce\" name=\"gr_form_nonce\" value=\"b1c3aacf60\" \/><input type=\"hidden\" name=\"_wp_http_referer\" value=\"\/en\/wp-json\/wp\/v2\/posts\/1381\" \/><div class=\"wpcf7-response-output\" aria-hidden=\"true\"><\/div>\n<input type=\"hidden\" name=\"trp-form-language\" value=\"en\"\/><\/form>\n<\/div>\n<\/div>","protected":false},"excerpt":{"rendered":"<p>En un peque\u00f1o pueblo, viv\u00eda un ni\u00f1o llamado Marcos que siempre so\u00f1aba con poder volar como un p\u00e1jaro. Un d\u00eda, mientras exploraba el desv\u00e1n de su abuelita, descubri\u00f3 una vieja chaqueta de cuero con extra\u00f1os dibujos en la espalda. Al pon\u00e9rsela, \u00a1oh sorpresa!, \u00a1se volvi\u00f3 invisible! Emocionado, Marcos sali\u00f3 corriendo a la plaza del pueblo &#8230; <a title=\"La chaqueta que hac\u00eda invisible al que la usara\" class=\"read-more\" href=\"https:\/\/cuentia.es\/en\/cuentia\/la-chaqueta-que-hacia-invisible-al-que-la-usara\/\" aria-label=\"Read more about La chaqueta que hac\u00eda invisible al que la usara\">Read more<\/a><\/p>","protected":false},"author":1,"featured_media":0,"comment_status":"","ping_status":"open","sticky":false,"template":"","format":"standard","meta":{"footnotes":""},"categories":[22],"tags":[],"class_list":["post-1381","post","type-post","status-publish","format-standard","hentry","category-cuentia"],"aioseo_notices":[],"_links":{"self":[{"href":"https:\/\/cuentia.es\/en\/wp-json\/wp\/v2\/posts\/1381","targetHints":{"allow":["GET"]}}],"collection":[{"href":"https:\/\/cuentia.es\/en\/wp-json\/wp\/v2\/posts"}],"about":[{"href":"https:\/\/cuentia.es\/en\/wp-json\/wp\/v2\/types\/post"}],"author":[{"embeddable":true,"href":"https:\/\/cuentia.es\/en\/wp-json\/wp\/v2\/users\/1"}],"replies":[{"embeddable":true,"href":"https:\/\/cuentia.es\/en\/wp-json\/wp\/v2\/comments?post=1381"}],"version-history":[{"count":0,"href":"https:\/\/cuentia.es\/en\/wp-json\/wp\/v2\/posts\/1381\/revisions"}],"wp:attachment":[{"href":"https:\/\/cuentia.es\/en\/wp-json\/wp\/v2\/media?parent=1381"}],"wp:term":[{"taxonomy":"category","embeddable":true,"href":"https:\/\/cuentia.es\/en\/wp-json\/wp\/v2\/categories?post=1381"},{"taxonomy":"post_tag","embeddable":true,"href":"https:\/\/cuentia.es\/en\/wp-json\/wp\/v2\/tags?post=1381"}],"curies":[{"name":"wp","href":"https:\/\/api.w.org\/{rel}","templated":true}]}}