{"id":1388,"date":"2025-08-28T19:01:13","date_gmt":"2025-08-28T17:01:13","guid":{"rendered":"https:\/\/cuentia.es\/sin-categoria\/el-nino-que-hablaba-con-los-volcanes\/"},"modified":"2025-08-28T19:01:13","modified_gmt":"2025-08-28T17:01:13","slug":"el-nino-que-hablaba-con-los-volcanes","status":"publish","type":"post","link":"https:\/\/cuentia.es\/en\/cuentia\/el-nino-que-hablaba-con-los-volcanes\/","title":{"rendered":"El ni\u00f1o que hablaba con los volcanes"},"content":{"rendered":"<p>\u00c9rase una vez en un peque\u00f1o pueblo situado al pie de un imponente volc\u00e1n, viv\u00eda un ni\u00f1o llamado Mateo. Mateo era muy curioso y le encantaba explorar la naturaleza que le rodeaba. Un d\u00eda, mientras jugaba cerca del volc\u00e1n, sinti\u00f3 un ligero temblor en la tierra y vio c\u00f3mo el volc\u00e1n empezaba a lanzar humo y piedras calientes por su cr\u00e1ter.<\/p>\n<p>Asustado, Mateo decidi\u00f3 acercarse al volc\u00e1n y le pregunt\u00f3:<\/p>\n<p>&#8211; \u00bfPor qu\u00e9 est\u00e1s tan enojado, volc\u00e1n?<\/p>\n<p>El volc\u00e1n, con una profunda voz, le respondi\u00f3:<\/p>\n<p>&#8211; Estoy enfadado porque siento mucha presi\u00f3n en mi interior y necesito liberarla de alguna manera, pero no s\u00e9 c\u00f3mo hacerlo sin causar da\u00f1o a los dem\u00e1s.<\/p>\n<p>Ante estas palabras, Mateo record\u00f3 una leyenda que dec\u00eda que los volcanes pod\u00edan encontrar paz si lograban comunicarse con las criaturas que habitaban en lo m\u00e1s profundo de la Tierra.<\/p>\n<p>Decidido a ayudar al volc\u00e1n, Mateo emprendi\u00f3 un viaje hacia lo desconocido. Descendi\u00f3 por cavernas oscuras y pasadizos estrechos hasta llegar a una cueva donde habitaban unas misteriosas criaturas hechas de lava y roca.<\/p>\n<p>Con valent\u00eda, Mateo se acerc\u00f3 a las criaturas y les cont\u00f3 sobre la dif\u00edcil situaci\u00f3n del volc\u00e1n. Las criaturas, conmovidas por la historia, le ofrecieron una soluci\u00f3n:<\/p>\n<p>&#8211; Si logramos conectar al volc\u00e1n con el r\u00edo subterr\u00e1neo de lava, podremos aliviar su presi\u00f3n y evitar que entre en erupci\u00f3n.<\/p>\n<p>Emocionado, Mateo y las criaturas de lava trabajaron juntos cavando un t\u00fanel secreto que conectaba al volc\u00e1n con el r\u00edo subterr\u00e1neo. Poco a poco, la presi\u00f3n en el interior del volc\u00e1n empez\u00f3 a disminuir y el humo ces\u00f3.<\/p>\n<p>Finalmente, el volc\u00e1n se tranquiliz\u00f3 y con una voz suave le dijo a Mateo:<\/p>\n<p>&#8211; Gracias por ayudarme a encontrar la paz, peque\u00f1o amigo. Desde ahora, siempre hablar\u00e9 contigo en tiempos de dificultad.<\/p>\n<p>Y as\u00ed, Mateo se convirti\u00f3 en el ni\u00f1o que hablaba con los volcanes, un guardi\u00e1n de la armon\u00eda entre la Tierra y sus maravillas naturales.<\/p>\n<hr\/>\n<p>Ap\u00fantate a la newsletter y recibe cuentos como este directamente en tu correo electr\u00f3nico.<\/p>\n<div class=\"wp-block-contact-form-7-contact-form-selector\">\n<div class=\"wpcf7 no-js\" id=\"wpcf7-f759-o1\" lang=\"es-ES\" dir=\"ltr\" data-wpcf7-id=\"759\">\n<div class=\"screen-reader-response\"><p role=\"status\" aria-live=\"polite\" aria-atomic=\"true\"><\/p> <ul><\/ul><\/div>\n<form action=\"\/en\/wp-json\/wp\/v2\/posts\/1388#wpcf7-f759-o1\" method=\"post\" class=\"wpcf7-form init\" aria-label=\"Formulario de contacto\" novalidate=\"novalidate\" data-status=\"init\" data-trp-original-action=\"\/en\/wp-json\/wp\/v2\/posts\/1388#wpcf7-f759-o1\">\n<fieldset class=\"hidden-fields-container\"><input type=\"hidden\" name=\"_wpcf7\" value=\"759\" \/><input type=\"hidden\" name=\"_wpcf7_version\" value=\"6.1.5\" \/><input type=\"hidden\" name=\"_wpcf7_locale\" value=\"es_ES\" \/><input type=\"hidden\" name=\"_wpcf7_unit_tag\" value=\"wpcf7-f759-o1\" \/><input type=\"hidden\" name=\"_wpcf7_container_post\" value=\"0\" \/><input type=\"hidden\" name=\"_wpcf7_posted_data_hash\" value=\"\" \/>\n<\/fieldset>\n<p><label> Tu email aqu\u00ed <\/label><br \/>\n<span class=\"wpcf7-form-control-wrap\" data-name=\"your-email\"><input size=\"40\" maxlength=\"400\" class=\"wpcf7-form-control wpcf7-email wpcf7-validates-as-required wpcf7-text wpcf7-validates-as-email\" id=\"input_mail_suscription\" autocomplete=\"email\" aria-required=\"true\" aria-invalid=\"false\" value=\"\" type=\"email\" name=\"your-email\" \/><\/span>\n<\/p>\n<p><span class=\"wpcf7-form-control-wrap\" data-name=\"verify\"><span class=\"wpcf7-form-control wpcf7-checkbox wpcf7-validates-as-required\"><span class=\"wpcf7-list-item first last\"><label><input type=\"checkbox\" name=\"verify[]\" value=\"Estoy de acuerdo en recibir los cuentos en mi direcci\u00f3n de correo electr\u00f3nico\" \/><span class=\"wpcf7-list-item-label\">Estoy de acuerdo en recibir los cuentos en mi direcci\u00f3n de correo electr\u00f3nico<\/span><\/label><\/span><\/span><\/span>\n<\/p>\n<p><input class=\"wpcf7-form-control wpcf7-submit has-spinner\" id=\"submit_suscription\" type=\"submit\" value=\"Enviar\" \/>\n<\/p><input type=\"hidden\" id=\"gr_form_nonce\" name=\"gr_form_nonce\" value=\"c6ecf530d4\" \/><input type=\"hidden\" name=\"_wp_http_referer\" value=\"\/en\/wp-json\/wp\/v2\/posts\/1388\" \/><div class=\"wpcf7-response-output\" aria-hidden=\"true\"><\/div>\n<input type=\"hidden\" name=\"trp-form-language\" value=\"en\"\/><\/form>\n<\/div>\n<\/div>","protected":false},"excerpt":{"rendered":"<p>\u00c9rase una vez en un peque\u00f1o pueblo situado al pie de un imponente volc\u00e1n, viv\u00eda un ni\u00f1o llamado Mateo. Mateo era muy curioso y le encantaba explorar la naturaleza que le rodeaba. Un d\u00eda, mientras jugaba cerca del volc\u00e1n, sinti\u00f3 un ligero temblor en la tierra y vio c\u00f3mo el volc\u00e1n empezaba a lanzar humo &#8230; <a title=\"El ni\u00f1o que hablaba con los volcanes\" class=\"read-more\" href=\"https:\/\/cuentia.es\/en\/cuentia\/el-nino-que-hablaba-con-los-volcanes\/\" aria-label=\"Read more about El ni\u00f1o que hablaba con los volcanes\">Read more<\/a><\/p>","protected":false},"author":1,"featured_media":0,"comment_status":"","ping_status":"open","sticky":false,"template":"","format":"standard","meta":{"footnotes":""},"categories":[22],"tags":[],"class_list":["post-1388","post","type-post","status-publish","format-standard","hentry","category-cuentia"],"aioseo_notices":[],"_links":{"self":[{"href":"https:\/\/cuentia.es\/en\/wp-json\/wp\/v2\/posts\/1388","targetHints":{"allow":["GET"]}}],"collection":[{"href":"https:\/\/cuentia.es\/en\/wp-json\/wp\/v2\/posts"}],"about":[{"href":"https:\/\/cuentia.es\/en\/wp-json\/wp\/v2\/types\/post"}],"author":[{"embeddable":true,"href":"https:\/\/cuentia.es\/en\/wp-json\/wp\/v2\/users\/1"}],"replies":[{"embeddable":true,"href":"https:\/\/cuentia.es\/en\/wp-json\/wp\/v2\/comments?post=1388"}],"version-history":[{"count":0,"href":"https:\/\/cuentia.es\/en\/wp-json\/wp\/v2\/posts\/1388\/revisions"}],"wp:attachment":[{"href":"https:\/\/cuentia.es\/en\/wp-json\/wp\/v2\/media?parent=1388"}],"wp:term":[{"taxonomy":"category","embeddable":true,"href":"https:\/\/cuentia.es\/en\/wp-json\/wp\/v2\/categories?post=1388"},{"taxonomy":"post_tag","embeddable":true,"href":"https:\/\/cuentia.es\/en\/wp-json\/wp\/v2\/tags?post=1388"}],"curies":[{"name":"wp","href":"https:\/\/api.w.org\/{rel}","templated":true}]}}