{"id":1389,"date":"2025-08-29T19:01:13","date_gmt":"2025-08-29T17:01:13","guid":{"rendered":"https:\/\/cuentia.es\/sin-categoria\/la-higuera-de-los-relatos-olvidados\/"},"modified":"2025-08-29T19:01:13","modified_gmt":"2025-08-29T17:01:13","slug":"la-higuera-de-los-relatos-olvidados","status":"publish","type":"post","link":"https:\/\/cuentia.es\/en\/cuentia\/la-higuera-de-los-relatos-olvidados\/","title":{"rendered":"La higuera de los relatos olvidados"},"content":{"rendered":"<p style='font-family: Arial, sans-serif; color: #333333;'>Hab\u00eda una vez en un peque\u00f1o pueblo, en lo m\u00e1s profundo del bosque, una higuera m\u00e1gica llamada la higuera de los relatos olvidados. Esta higuera guardaba en sus hojas los cuentos m\u00e1s maravillosos y fant\u00e1sticos que cualquier ni\u00f1o pudiera imaginar.<\/p>\n<p style='font-family: Arial, sans-serif; color: #333333;'>Un d\u00eda, la higuera de los relatos olvidados empez\u00f3 a perder sus hojas y, con ellas, los cuentos que guardaba en su interior. Los habitantes del pueblo, especialmente los ni\u00f1os, se entristecieron al no poder escuchar m\u00e1s las historias que tanto amaban.<\/p>\n<p style='font-family: Arial, sans-serif; color: #333333;'>Los ni\u00f1os decidieron unirse para ayudar a la higuera m\u00e1gica. Pensaron en c\u00f3mo podr\u00edan hacer para que volviera a crecer y recuperar sus hojas, y as\u00ed, los relatos perdidos.<\/p>\n<p style='font-family: Arial, sans-serif; color: #333333;'>Fue entonces cuando la ni\u00f1a m\u00e1s valiente del pueblo, llamada Sof\u00eda, tuvo una idea brillante. Se acord\u00f3 de que su abuela le hab\u00eda contado una vez que las higueras necesitan cari\u00f1o y atenci\u00f3n para crecer fuertes y sanas. Sof\u00eda propuso que cada ni\u00f1o del pueblo cuidara la higuera durante un d\u00eda, d\u00e1ndole todo su amor y dedicaci\u00f3n.<\/p>\n<p style='font-family: Arial, sans-serif; color: #333333;'>Los ni\u00f1os aceptaron felizmente el plan de Sof\u00eda y, d\u00eda tras d\u00eda, se turnaban para regar la higuera, podar sus ramas y hablarle con cari\u00f1o. Poco a poco, la higuera de los relatos olvidados empez\u00f3 a recuperarse. Sus hojas volvieron a brotar y con ellas, los cuentos perdidos volvieron a la vida.<\/p>\n<p style='font-family: Arial, sans-serif; color: #333333;'>Los ni\u00f1os se maravillaron al ver c\u00f3mo la higuera m\u00e1gica volv\u00eda a estar llena de color y vida, y c\u00f3mo los relatos flu\u00edan de sus ramas como si fueran susurros de magia. Desde ese d\u00eda, los ni\u00f1os del pueblo cuidaron la higuera con amor y respeto, asegur\u00e1ndose de que nunca m\u00e1s perdiera sus hojas ni los preciosos cuentos que guardaba en su interior.<\/p>\n<p style='font-family: Arial, sans-serif; color: #333333;'>Y as\u00ed, la higuera de los relatos olvidados sigui\u00f3 siendo el lugar favorito de los ni\u00f1os, donde cada tarde se reun\u00edan para escuchar las historias m\u00e1s incre\u00edbles contadas por las hojas temblorosas al viento. Y color\u00edn colorado, este cuento m\u00e1gico se ha acabado.<\/p>\n<hr\/>\n<p>Ap\u00fantate a la newsletter y recibe cuentos como este directamente en tu correo electr\u00f3nico.<\/p>\n<div class=\"wp-block-contact-form-7-contact-form-selector\">\n<div class=\"wpcf7 no-js\" id=\"wpcf7-f759-o1\" lang=\"es-ES\" dir=\"ltr\" data-wpcf7-id=\"759\">\n<div class=\"screen-reader-response\"><p role=\"status\" aria-live=\"polite\" aria-atomic=\"true\"><\/p> <ul><\/ul><\/div>\n<form action=\"\/en\/wp-json\/wp\/v2\/posts\/1389#wpcf7-f759-o1\" method=\"post\" class=\"wpcf7-form init\" aria-label=\"Formulario de contacto\" novalidate=\"novalidate\" data-status=\"init\" data-trp-original-action=\"\/en\/wp-json\/wp\/v2\/posts\/1389#wpcf7-f759-o1\">\n<fieldset class=\"hidden-fields-container\"><input type=\"hidden\" name=\"_wpcf7\" value=\"759\" \/><input type=\"hidden\" name=\"_wpcf7_version\" value=\"6.1.5\" \/><input type=\"hidden\" name=\"_wpcf7_locale\" value=\"es_ES\" \/><input type=\"hidden\" name=\"_wpcf7_unit_tag\" value=\"wpcf7-f759-o1\" \/><input type=\"hidden\" name=\"_wpcf7_container_post\" value=\"0\" \/><input type=\"hidden\" name=\"_wpcf7_posted_data_hash\" value=\"\" \/>\n<\/fieldset>\n<p><label> Tu email aqu\u00ed <\/label><br \/>\n<span class=\"wpcf7-form-control-wrap\" data-name=\"your-email\"><input size=\"40\" maxlength=\"400\" class=\"wpcf7-form-control wpcf7-email wpcf7-validates-as-required wpcf7-text wpcf7-validates-as-email\" id=\"input_mail_suscription\" autocomplete=\"email\" aria-required=\"true\" aria-invalid=\"false\" value=\"\" type=\"email\" name=\"your-email\" \/><\/span>\n<\/p>\n<p><span class=\"wpcf7-form-control-wrap\" data-name=\"verify\"><span class=\"wpcf7-form-control wpcf7-checkbox wpcf7-validates-as-required\"><span class=\"wpcf7-list-item first last\"><label><input type=\"checkbox\" name=\"verify[]\" value=\"Estoy de acuerdo en recibir los cuentos en mi direcci\u00f3n de correo electr\u00f3nico\" \/><span class=\"wpcf7-list-item-label\">Estoy de acuerdo en recibir los cuentos en mi direcci\u00f3n de correo electr\u00f3nico<\/span><\/label><\/span><\/span><\/span>\n<\/p>\n<p><input class=\"wpcf7-form-control wpcf7-submit has-spinner\" id=\"submit_suscription\" type=\"submit\" value=\"Enviar\" \/>\n<\/p><input type=\"hidden\" id=\"gr_form_nonce\" name=\"gr_form_nonce\" value=\"c6ecf530d4\" \/><input type=\"hidden\" name=\"_wp_http_referer\" value=\"\/en\/wp-json\/wp\/v2\/posts\/1389\" \/><div class=\"wpcf7-response-output\" aria-hidden=\"true\"><\/div>\n<input type=\"hidden\" name=\"trp-form-language\" value=\"en\"\/><\/form>\n<\/div>\n<\/div>","protected":false},"excerpt":{"rendered":"<p>Hab\u00eda una vez en un peque\u00f1o pueblo, en lo m\u00e1s profundo del bosque, una higuera m\u00e1gica llamada la higuera de los relatos olvidados. Esta higuera guardaba en sus hojas los cuentos m\u00e1s maravillosos y fant\u00e1sticos que cualquier ni\u00f1o pudiera imaginar. Un d\u00eda, la higuera de los relatos olvidados empez\u00f3 a perder sus hojas y, con &#8230; <a title=\"La higuera de los relatos olvidados\" class=\"read-more\" href=\"https:\/\/cuentia.es\/en\/cuentia\/la-higuera-de-los-relatos-olvidados\/\" aria-label=\"Read more about La higuera de los relatos olvidados\">Read more<\/a><\/p>","protected":false},"author":1,"featured_media":0,"comment_status":"","ping_status":"open","sticky":false,"template":"","format":"standard","meta":{"footnotes":""},"categories":[22],"tags":[],"class_list":["post-1389","post","type-post","status-publish","format-standard","hentry","category-cuentia"],"aioseo_notices":[],"_links":{"self":[{"href":"https:\/\/cuentia.es\/en\/wp-json\/wp\/v2\/posts\/1389","targetHints":{"allow":["GET"]}}],"collection":[{"href":"https:\/\/cuentia.es\/en\/wp-json\/wp\/v2\/posts"}],"about":[{"href":"https:\/\/cuentia.es\/en\/wp-json\/wp\/v2\/types\/post"}],"author":[{"embeddable":true,"href":"https:\/\/cuentia.es\/en\/wp-json\/wp\/v2\/users\/1"}],"replies":[{"embeddable":true,"href":"https:\/\/cuentia.es\/en\/wp-json\/wp\/v2\/comments?post=1389"}],"version-history":[{"count":0,"href":"https:\/\/cuentia.es\/en\/wp-json\/wp\/v2\/posts\/1389\/revisions"}],"wp:attachment":[{"href":"https:\/\/cuentia.es\/en\/wp-json\/wp\/v2\/media?parent=1389"}],"wp:term":[{"taxonomy":"category","embeddable":true,"href":"https:\/\/cuentia.es\/en\/wp-json\/wp\/v2\/categories?post=1389"},{"taxonomy":"post_tag","embeddable":true,"href":"https:\/\/cuentia.es\/en\/wp-json\/wp\/v2\/tags?post=1389"}],"curies":[{"name":"wp","href":"https:\/\/api.w.org\/{rel}","templated":true}]}}