{"id":1397,"date":"2025-09-06T19:00:57","date_gmt":"2025-09-06T17:00:57","guid":{"rendered":"https:\/\/cuentia.es\/sin-categoria\/el-reloj-que-adelantaba-el-tiempo\/"},"modified":"2025-09-06T19:00:57","modified_gmt":"2025-09-06T17:00:57","slug":"el-reloj-que-adelantaba-el-tiempo","status":"publish","type":"post","link":"https:\/\/cuentia.es\/en\/cuentia\/el-reloj-que-adelantaba-el-tiempo\/","title":{"rendered":"El reloj que adelantaba el tiempo"},"content":{"rendered":"<p>\u00c9rase una vez en un peque\u00f1o pueblo, un reloj muy especial que ten\u00eda la incre\u00edble capacidad de adelantar el tiempo. Este reloj pertenec\u00eda al anciano Don Pascual, un amable se\u00f1or que siempre llegaba tarde a todos sitios porque su reloj siempre marcaba una hora m\u00e1s de la real.<\/p>\n<p>Un d\u00eda, el ni\u00f1o Tom\u00e1s, un curioso habitante del pueblo, se encontr\u00f3 con Don Pascual y not\u00f3 que parec\u00eda muy preocupado.<\/p>\n<p>&#8211; \u00bfQu\u00e9 le sucede, Don Pascual? &#8211; pregunt\u00f3 Tom\u00e1s con curiosidad.<\/p>\n<p>&#8211; Ay, querido Tom\u00e1s, mi querido reloj est\u00e1 estropeado y ahora adelanta el tiempo en lugar de marcarlo correctamente. No s\u00e9 qu\u00e9 hacer, siempre llego tarde a todos mis compromisos &#8211; respondi\u00f3 Don Pascual con tristeza.<\/p>\n<p>Tom\u00e1s, con su ingenio caracter\u00edstico, pens\u00f3 en c\u00f3mo podr\u00eda ayudar a Don Pascual a solucionar su problema. Record\u00f3 que en el pueblo viv\u00eda la bruja Melinda, famosa por ser muy sabia y por tener soluciones para todos los problemas.<\/p>\n<p>Decidi\u00f3 entonces acompa\u00f1ar a Don Pascual a visitar a la bruja Melinda. Al llegar a su casa, la bruja los recibi\u00f3 con una c\u00e1lida sonrisa y escuch\u00f3 atentamente el problema del reloj que adelantaba el tiempo.<\/p>\n<p>&#8211; No te preocupes, querido Don Pascual, tengo justo lo que necesitas para arreglar tu reloj. Pero necesitar\u00e9 la ayuda de Tom\u00e1s para llevar a cabo mi hechizo &#8211; dijo la bruja con misterio en sus ojos.<\/p>\n<p>Tom\u00e1s asinti\u00f3 con entusiasmo y la bruja comenz\u00f3 a preparar sus ingredientes m\u00e1gicos. Realiz\u00f3 un hechizo especial mientras Don Pascual sosten\u00eda el reloj en sus manos. De repente, una luz brillante envolvi\u00f3 el reloj y, al desvanecerse, el reloj volvi\u00f3 a marcar la hora correcta.<\/p>\n<p>&#8211; \u00a1Lo logramos! &#8211; exclam\u00f3 Tom\u00e1s emocionado.<\/p>\n<p>Don Pascual, con l\u00e1grimas de alegr\u00eda en los ojos, agradeci\u00f3 a la bruja Melinda y a Tom\u00e1s por haber solucionado su problema. Desde ese d\u00eda, el reloj nunca m\u00e1s adelant\u00f3 el tiempo, permitiendo a Don Pascual llegar a tiempo a todos sus compromisos.<\/p>\n<p>Y color\u00edn colorado, este cuento m\u00e1gico y encantado se ha acabado.<\/p>\n<hr\/>\n<p>Ap\u00fantate a la newsletter y recibe cuentos como este directamente en tu correo electr\u00f3nico.<\/p>\n<div class=\"wp-block-contact-form-7-contact-form-selector\">\n<div class=\"wpcf7 no-js\" id=\"wpcf7-f759-o1\" lang=\"es-ES\" dir=\"ltr\" data-wpcf7-id=\"759\">\n<div class=\"screen-reader-response\"><p role=\"status\" aria-live=\"polite\" aria-atomic=\"true\"><\/p> <ul><\/ul><\/div>\n<form action=\"\/en\/wp-json\/wp\/v2\/posts\/1397#wpcf7-f759-o1\" method=\"post\" class=\"wpcf7-form init\" aria-label=\"Formulario de contacto\" novalidate=\"novalidate\" data-status=\"init\" data-trp-original-action=\"\/en\/wp-json\/wp\/v2\/posts\/1397#wpcf7-f759-o1\">\n<fieldset class=\"hidden-fields-container\"><input type=\"hidden\" name=\"_wpcf7\" value=\"759\" \/><input type=\"hidden\" name=\"_wpcf7_version\" value=\"6.1.5\" \/><input type=\"hidden\" name=\"_wpcf7_locale\" value=\"es_ES\" \/><input type=\"hidden\" name=\"_wpcf7_unit_tag\" value=\"wpcf7-f759-o1\" \/><input type=\"hidden\" name=\"_wpcf7_container_post\" value=\"0\" \/><input type=\"hidden\" name=\"_wpcf7_posted_data_hash\" value=\"\" \/>\n<\/fieldset>\n<p><label> Tu email aqu\u00ed <\/label><br \/>\n<span class=\"wpcf7-form-control-wrap\" data-name=\"your-email\"><input size=\"40\" maxlength=\"400\" class=\"wpcf7-form-control wpcf7-email wpcf7-validates-as-required wpcf7-text wpcf7-validates-as-email\" id=\"input_mail_suscription\" autocomplete=\"email\" aria-required=\"true\" aria-invalid=\"false\" value=\"\" type=\"email\" name=\"your-email\" \/><\/span>\n<\/p>\n<p><span class=\"wpcf7-form-control-wrap\" data-name=\"verify\"><span class=\"wpcf7-form-control wpcf7-checkbox wpcf7-validates-as-required\"><span class=\"wpcf7-list-item first last\"><label><input type=\"checkbox\" name=\"verify[]\" value=\"Estoy de acuerdo en recibir los cuentos en mi direcci\u00f3n de correo electr\u00f3nico\" \/><span class=\"wpcf7-list-item-label\">Estoy de acuerdo en recibir los cuentos en mi direcci\u00f3n de correo electr\u00f3nico<\/span><\/label><\/span><\/span><\/span>\n<\/p>\n<p><input class=\"wpcf7-form-control wpcf7-submit has-spinner\" id=\"submit_suscription\" type=\"submit\" value=\"Enviar\" \/>\n<\/p><input type=\"hidden\" id=\"gr_form_nonce\" name=\"gr_form_nonce\" value=\"2d40bad8e3\" \/><input type=\"hidden\" name=\"_wp_http_referer\" value=\"\/en\/wp-json\/wp\/v2\/posts\/1397\" \/><div class=\"wpcf7-response-output\" aria-hidden=\"true\"><\/div>\n<input type=\"hidden\" name=\"trp-form-language\" value=\"en\"\/><\/form>\n<\/div>\n<\/div>","protected":false},"excerpt":{"rendered":"<p>\u00c9rase una vez en un peque\u00f1o pueblo, un reloj muy especial que ten\u00eda la incre\u00edble capacidad de adelantar el tiempo. Este reloj pertenec\u00eda al anciano Don Pascual, un amable se\u00f1or que siempre llegaba tarde a todos sitios porque su reloj siempre marcaba una hora m\u00e1s de la real. Un d\u00eda, el ni\u00f1o Tom\u00e1s, un curioso &#8230; <a title=\"El reloj que adelantaba el tiempo\" class=\"read-more\" href=\"https:\/\/cuentia.es\/en\/cuentia\/el-reloj-que-adelantaba-el-tiempo\/\" aria-label=\"Read more about El reloj que adelantaba el tiempo\">Read more<\/a><\/p>","protected":false},"author":1,"featured_media":0,"comment_status":"","ping_status":"open","sticky":false,"template":"","format":"standard","meta":{"footnotes":""},"categories":[22],"tags":[],"class_list":["post-1397","post","type-post","status-publish","format-standard","hentry","category-cuentia"],"aioseo_notices":[],"_links":{"self":[{"href":"https:\/\/cuentia.es\/en\/wp-json\/wp\/v2\/posts\/1397","targetHints":{"allow":["GET"]}}],"collection":[{"href":"https:\/\/cuentia.es\/en\/wp-json\/wp\/v2\/posts"}],"about":[{"href":"https:\/\/cuentia.es\/en\/wp-json\/wp\/v2\/types\/post"}],"author":[{"embeddable":true,"href":"https:\/\/cuentia.es\/en\/wp-json\/wp\/v2\/users\/1"}],"replies":[{"embeddable":true,"href":"https:\/\/cuentia.es\/en\/wp-json\/wp\/v2\/comments?post=1397"}],"version-history":[{"count":0,"href":"https:\/\/cuentia.es\/en\/wp-json\/wp\/v2\/posts\/1397\/revisions"}],"wp:attachment":[{"href":"https:\/\/cuentia.es\/en\/wp-json\/wp\/v2\/media?parent=1397"}],"wp:term":[{"taxonomy":"category","embeddable":true,"href":"https:\/\/cuentia.es\/en\/wp-json\/wp\/v2\/categories?post=1397"},{"taxonomy":"post_tag","embeddable":true,"href":"https:\/\/cuentia.es\/en\/wp-json\/wp\/v2\/tags?post=1397"}],"curies":[{"name":"wp","href":"https:\/\/api.w.org\/{rel}","templated":true}]}}