{"id":1399,"date":"2025-09-08T19:01:07","date_gmt":"2025-09-08T17:01:07","guid":{"rendered":"https:\/\/cuentia.es\/sin-categoria\/el-lobo-que-volaba-entre-las-nubes-2\/"},"modified":"2025-09-08T19:01:07","modified_gmt":"2025-09-08T17:01:07","slug":"el-lobo-que-volaba-entre-las-nubes-2","status":"publish","type":"post","link":"https:\/\/cuentia.es\/en\/cuentia\/el-lobo-que-volaba-entre-las-nubes-2\/","title":{"rendered":"El lobo que volaba entre las nubes"},"content":{"rendered":"<p>\u00c9rase una vez en un peque\u00f1o pueblo en lo alto de la monta\u00f1a, un lobo muy especial llamado Lucas. Lucas era un lobo bonach\u00f3n y curioso que so\u00f1aba con volar entre las nubes como los p\u00e1jaros. A diferencia de los dem\u00e1s lobos, a Lucas no le interesaba cazar conejos ni asustar a los animales del bosque, \u00e9l solo quer\u00eda cumplir su sue\u00f1o de volar.<\/p>\n<p>Un d\u00eda, mientras paseaba por el bosque, Lucas se encontr\u00f3 con un viejo buho sabio llamado Don Otero. El buho, al ver la tristeza en los ojos de Lucas, le pregunt\u00f3 qu\u00e9 le pasaba. Lucas, con timidez, confes\u00f3 su deseo de volar entre las nubes y le pidi\u00f3 consejo a Don Otero.<\/p>\n<p>El buho, tras pensar por un momento, le dijo a Lucas: &#8216;Para poder volar entre las nubes, necesitas encontrar la pluma m\u00e1gica de \u00e1guila real, la cual otorga el poder de volar a quien la posea. Pero ten cuidado, la pluma se encuentra en lo m\u00e1s alto de la monta\u00f1a, en la cueva de la bruja Agripina&#8217;.<\/p>\n<p>Lucas, decidido a cumplir su sue\u00f1o, parti\u00f3 hacia lo alto de la monta\u00f1a sin dudarlo. En su camino, se encontr\u00f3 con varios desaf\u00edos como un r\u00edo caudaloso que tuvo que atravesar nadando y un campo de espinos que le hicieron detenerse y encontrar una manera de pasar sin lastimarse.<\/p>\n<p>Finalmente, lleg\u00f3 a la cueva de la bruja Agripina. La bruja, al ver a Lucas, solt\u00f3 una carcajada y le dijo: &#8216;\u00bfUn lobo que quiere volar? Eso es rid\u00edculo&#8217;. Pero Lucas, con valent\u00eda, le pidi\u00f3 a la bruja la pluma m\u00e1gica de \u00e1guila real. Agripina, divertida por la insolencia de Lucas, decidi\u00f3 darle la pluma bajo una condici\u00f3n: deb\u00eda superar una prueba.<\/p>\n<p>La bruja Agripina llev\u00f3 a Lucas a un precipicio y le dijo: &#8216;Para demostrar que realmente mereces la pluma m\u00e1gica, debes saltar desde este precipicio y mantener el vuelo hasta llegar al otro lado&#8217;. Lucas, asustado pero decidido, dio un paso al frente y se lanz\u00f3 al vac\u00edo.<\/p>\n<p>Para sorpresa de todos, Lucas no ca\u00eda como un lobo normal, sino que empez\u00f3 a volar entre las nubes con la gracia de un \u00e1guila. Los animales del bosque, asombrados, vitoreaban a Lucas quien, con determinaci\u00f3n, lleg\u00f3 al otro lado del precipicio sano y salvo.<\/p>\n<p>La bruja Agripina, impresionada por la valent\u00eda y determinaci\u00f3n de Lucas, le entreg\u00f3 la pluma m\u00e1gica de \u00e1guila real. Lucas, agradecido, regres\u00f3 al pueblo volando entre las nubes y cumpliendo su sue\u00f1o. Desde ese d\u00eda, se convirti\u00f3 en el lobo que volaba entre las nubes, llevando alegr\u00eda y esperanza a todos los que ve\u00edan sus incre\u00edbles acrobacias en el cielo.<\/p>\n<hr\/>\n<p>Ap\u00fantate a la newsletter y recibe cuentos como este directamente en tu correo electr\u00f3nico.<\/p>\n<div class=\"wp-block-contact-form-7-contact-form-selector\">\n<div class=\"wpcf7 no-js\" id=\"wpcf7-f759-o1\" lang=\"es-ES\" dir=\"ltr\" data-wpcf7-id=\"759\">\n<div class=\"screen-reader-response\"><p role=\"status\" aria-live=\"polite\" aria-atomic=\"true\"><\/p> <ul><\/ul><\/div>\n<form action=\"\/en\/wp-json\/wp\/v2\/posts\/1399#wpcf7-f759-o1\" method=\"post\" class=\"wpcf7-form init\" aria-label=\"Formulario de contacto\" novalidate=\"novalidate\" data-status=\"init\" data-trp-original-action=\"\/en\/wp-json\/wp\/v2\/posts\/1399#wpcf7-f759-o1\">\n<fieldset class=\"hidden-fields-container\"><input type=\"hidden\" name=\"_wpcf7\" value=\"759\" \/><input type=\"hidden\" name=\"_wpcf7_version\" value=\"6.1.5\" \/><input type=\"hidden\" name=\"_wpcf7_locale\" value=\"es_ES\" \/><input type=\"hidden\" name=\"_wpcf7_unit_tag\" value=\"wpcf7-f759-o1\" \/><input type=\"hidden\" name=\"_wpcf7_container_post\" value=\"0\" \/><input type=\"hidden\" name=\"_wpcf7_posted_data_hash\" value=\"\" \/>\n<\/fieldset>\n<p><label> Tu email aqu\u00ed <\/label><br \/>\n<span class=\"wpcf7-form-control-wrap\" data-name=\"your-email\"><input size=\"40\" maxlength=\"400\" class=\"wpcf7-form-control wpcf7-email wpcf7-validates-as-required wpcf7-text wpcf7-validates-as-email\" id=\"input_mail_suscription\" autocomplete=\"email\" aria-required=\"true\" aria-invalid=\"false\" value=\"\" type=\"email\" name=\"your-email\" \/><\/span>\n<\/p>\n<p><span class=\"wpcf7-form-control-wrap\" data-name=\"verify\"><span class=\"wpcf7-form-control wpcf7-checkbox wpcf7-validates-as-required\"><span class=\"wpcf7-list-item first last\"><label><input type=\"checkbox\" name=\"verify[]\" value=\"Estoy de acuerdo en recibir los cuentos en mi direcci\u00f3n de correo electr\u00f3nico\" \/><span class=\"wpcf7-list-item-label\">Estoy de acuerdo en recibir los cuentos en mi direcci\u00f3n de correo electr\u00f3nico<\/span><\/label><\/span><\/span><\/span>\n<\/p>\n<p><input class=\"wpcf7-form-control wpcf7-submit has-spinner\" id=\"submit_suscription\" type=\"submit\" value=\"Enviar\" \/>\n<\/p><input type=\"hidden\" id=\"gr_form_nonce\" name=\"gr_form_nonce\" value=\"2d40bad8e3\" \/><input type=\"hidden\" name=\"_wp_http_referer\" value=\"\/en\/wp-json\/wp\/v2\/posts\/1399\" \/><div class=\"wpcf7-response-output\" aria-hidden=\"true\"><\/div>\n<input type=\"hidden\" name=\"trp-form-language\" value=\"en\"\/><\/form>\n<\/div>\n<\/div>","protected":false},"excerpt":{"rendered":"<p>\u00c9rase una vez en un peque\u00f1o pueblo en lo alto de la monta\u00f1a, un lobo muy especial llamado Lucas. Lucas era un lobo bonach\u00f3n y curioso que so\u00f1aba con volar entre las nubes como los p\u00e1jaros. A diferencia de los dem\u00e1s lobos, a Lucas no le interesaba cazar conejos ni asustar a los animales del &#8230; <a title=\"El lobo que volaba entre las nubes\" class=\"read-more\" href=\"https:\/\/cuentia.es\/en\/cuentia\/el-lobo-que-volaba-entre-las-nubes-2\/\" aria-label=\"Read more about El lobo que volaba entre las nubes\">Read more<\/a><\/p>","protected":false},"author":1,"featured_media":0,"comment_status":"","ping_status":"open","sticky":false,"template":"","format":"standard","meta":{"footnotes":""},"categories":[22],"tags":[],"class_list":["post-1399","post","type-post","status-publish","format-standard","hentry","category-cuentia"],"aioseo_notices":[],"_links":{"self":[{"href":"https:\/\/cuentia.es\/en\/wp-json\/wp\/v2\/posts\/1399","targetHints":{"allow":["GET"]}}],"collection":[{"href":"https:\/\/cuentia.es\/en\/wp-json\/wp\/v2\/posts"}],"about":[{"href":"https:\/\/cuentia.es\/en\/wp-json\/wp\/v2\/types\/post"}],"author":[{"embeddable":true,"href":"https:\/\/cuentia.es\/en\/wp-json\/wp\/v2\/users\/1"}],"replies":[{"embeddable":true,"href":"https:\/\/cuentia.es\/en\/wp-json\/wp\/v2\/comments?post=1399"}],"version-history":[{"count":0,"href":"https:\/\/cuentia.es\/en\/wp-json\/wp\/v2\/posts\/1399\/revisions"}],"wp:attachment":[{"href":"https:\/\/cuentia.es\/en\/wp-json\/wp\/v2\/media?parent=1399"}],"wp:term":[{"taxonomy":"category","embeddable":true,"href":"https:\/\/cuentia.es\/en\/wp-json\/wp\/v2\/categories?post=1399"},{"taxonomy":"post_tag","embeddable":true,"href":"https:\/\/cuentia.es\/en\/wp-json\/wp\/v2\/tags?post=1399"}],"curies":[{"name":"wp","href":"https:\/\/api.w.org\/{rel}","templated":true}]}}