{"id":1402,"date":"2025-09-11T19:01:43","date_gmt":"2025-09-11T17:01:43","guid":{"rendered":"https:\/\/cuentia.es\/sin-categoria\/la-nina-que-charlaba-con-un-caracol\/"},"modified":"2025-09-11T19:01:43","modified_gmt":"2025-09-11T17:01:43","slug":"la-nina-que-charlaba-con-un-caracol","status":"publish","type":"post","link":"https:\/\/cuentia.es\/en\/cuentia\/la-nina-que-charlaba-con-un-caracol\/","title":{"rendered":"La ni\u00f1a que charlaba con un caracol"},"content":{"rendered":"<p style='font-family: Arial, sans-serif; font-size: 16px;'>Hab\u00eda una vez, en un peque\u00f1o pueblo encantado, una ni\u00f1a llamada Ana. A Ana le encantaba pasear por el bosque y observar la naturaleza. Un d\u00eda, mientras caminaba, encontr\u00f3 un caracol muy especial. Este caracol, a diferencia de los dem\u00e1s, \u00a1hablaba! Ana no pod\u00eda creerlo. El caracol le dijo: &#8216;Hola, soy Caracolito, \u00bfc\u00f3mo est\u00e1s?&#8217; Ana, sorprendida, respondi\u00f3: &#8216;\u00a1Wow, un caracol que habla! \u00a1Estoy muy bien!&#8217;.<\/p>\n<p><\/p>\n<p style='font-family: Arial, sans-serif; font-size: 16px;'>Desde ese d\u00eda, Ana y Caracolito se hicieron grandes amigos. Charlaban y se re\u00edan juntos mientras recorr\u00edan el bosque. Pero un problema surgi\u00f3 cuando una tarde, un p\u00e1jaro travieso se llev\u00f3 a Caracolito volando. Ana, asustada, no sab\u00eda qu\u00e9 hacer. Se sent\u00eda triste y preocupada por su amigo.<\/p>\n<p><\/p>\n<p style='font-family: Arial, sans-serif; font-size: 16px;'>Decidi\u00f3 pedir ayuda a los otros animales del bosque. Primero, fue a hablar con Zorro, quien era muy astuto. Zorro le dijo: &#8216;Tranquila, amiga Ana. S\u00e9 a d\u00f3nde suelen ir los p\u00e1jaros. S\u00edgueme&#8217;. Juntos, recorrieron el bosque hasta llegar al nido del p\u00e1jaro. Pero, para su sorpresa, el nido estaba vac\u00edo. &#8216;\u00a1Oh no, Caracolito no est\u00e1 aqu\u00ed!&#8217;, exclam\u00f3 Ana con tristeza.<\/p>\n<p><\/p>\n<p style='font-family: Arial, sans-serif; font-size: 16px;'>Entonces, decidieron ir a buscar a Sabu, el b\u00faho sabio. Sabu escuch\u00f3 atentamente la historia de Ana y, pensativo, le dijo: &#8216;Creo saber qui\u00e9n puede ayudarte. Ve al estanque de los nen\u00fafares y busca a la Tortuga Marina&#8217;. Ana y Zorro se apresuraron en ir al estanque. Encontraron a la Tortuga Marina descansando sobre una roca. Ana le cont\u00f3 lo sucedido y la Tortuga, con calma, le dijo: &#8216;No te preocupes, peque\u00f1a amiga. Los p\u00e1jaros suelen llevar cosas brillantes a sus nidos. Vayamos a buscar juntas&#8217;.<\/p>\n<p><\/p>\n<p style='font-family: Arial, sans-serif; font-size: 16px;'>As\u00ed, Ana, Zorro y Tortuga Marina buscaron entre los \u00e1rboles hasta que encontraron un destello en lo alto. Era el nido del p\u00e1jaro con Caracolito dentro. Pero el nido estaba en una rama muy alta y no sab\u00edan c\u00f3mo llegar. Entonces, Tortuga Marina dijo: &#8216;Yo puedo llevarte en mi caparaz\u00f3n hasta all\u00e1 arriba&#8217;. Y as\u00ed lo hizo. Ana alcanz\u00f3 el nido, rescat\u00f3 a Caracolito y lo abraz\u00f3 con alegr\u00eda.<\/p>\n<p><\/p>\n<p style='font-family: Arial, sans-serif; font-size: 16px;'>De regreso en el suelo, Caracolito agradeci\u00f3 a sus amigos por rescatarlo. Ana estaba feliz de tener a su amigo nuevamente a salvo. Desde ese d\u00eda, prometieron cuidarse mutuamente en el bosque encantado. Y as\u00ed, entre risas y aventuras, la ni\u00f1a que charlaba con un caracol y sus amigos vivieron felices para siempre.<\/p>\n<hr\/>\n<p>Ap\u00fantate a la newsletter y recibe cuentos como este directamente en tu correo electr\u00f3nico.<\/p>\n<div class=\"wp-block-contact-form-7-contact-form-selector\">\n<div class=\"wpcf7 no-js\" id=\"wpcf7-f759-o1\" lang=\"es-ES\" dir=\"ltr\" data-wpcf7-id=\"759\">\n<div class=\"screen-reader-response\"><p role=\"status\" aria-live=\"polite\" aria-atomic=\"true\"><\/p> <ul><\/ul><\/div>\n<form action=\"\/en\/wp-json\/wp\/v2\/posts\/1402#wpcf7-f759-o1\" method=\"post\" class=\"wpcf7-form init\" aria-label=\"Formulario de contacto\" novalidate=\"novalidate\" data-status=\"init\" data-trp-original-action=\"\/en\/wp-json\/wp\/v2\/posts\/1402#wpcf7-f759-o1\">\n<fieldset class=\"hidden-fields-container\"><input type=\"hidden\" name=\"_wpcf7\" value=\"759\" \/><input type=\"hidden\" name=\"_wpcf7_version\" value=\"6.1.5\" \/><input type=\"hidden\" name=\"_wpcf7_locale\" value=\"es_ES\" \/><input type=\"hidden\" name=\"_wpcf7_unit_tag\" value=\"wpcf7-f759-o1\" \/><input type=\"hidden\" name=\"_wpcf7_container_post\" value=\"0\" \/><input type=\"hidden\" name=\"_wpcf7_posted_data_hash\" value=\"\" \/>\n<\/fieldset>\n<p><label> Tu email aqu\u00ed <\/label><br \/>\n<span class=\"wpcf7-form-control-wrap\" data-name=\"your-email\"><input size=\"40\" maxlength=\"400\" class=\"wpcf7-form-control wpcf7-email wpcf7-validates-as-required wpcf7-text wpcf7-validates-as-email\" id=\"input_mail_suscription\" autocomplete=\"email\" aria-required=\"true\" aria-invalid=\"false\" value=\"\" type=\"email\" name=\"your-email\" \/><\/span>\n<\/p>\n<p><span class=\"wpcf7-form-control-wrap\" data-name=\"verify\"><span class=\"wpcf7-form-control wpcf7-checkbox wpcf7-validates-as-required\"><span class=\"wpcf7-list-item first last\"><label><input type=\"checkbox\" name=\"verify[]\" value=\"Estoy de acuerdo en recibir los cuentos en mi direcci\u00f3n de correo electr\u00f3nico\" \/><span class=\"wpcf7-list-item-label\">Estoy de acuerdo en recibir los cuentos en mi direcci\u00f3n de correo electr\u00f3nico<\/span><\/label><\/span><\/span><\/span>\n<\/p>\n<p><input class=\"wpcf7-form-control wpcf7-submit has-spinner\" id=\"submit_suscription\" type=\"submit\" value=\"Enviar\" \/>\n<\/p><input type=\"hidden\" id=\"gr_form_nonce\" name=\"gr_form_nonce\" value=\"2d40bad8e3\" \/><input type=\"hidden\" name=\"_wp_http_referer\" value=\"\/en\/wp-json\/wp\/v2\/posts\/1402\" \/><div class=\"wpcf7-response-output\" aria-hidden=\"true\"><\/div>\n<input type=\"hidden\" name=\"trp-form-language\" value=\"en\"\/><\/form>\n<\/div>\n<\/div>","protected":false},"excerpt":{"rendered":"<p>Hab\u00eda una vez, en un peque\u00f1o pueblo encantado, una ni\u00f1a llamada Ana. A Ana le encantaba pasear por el bosque y observar la naturaleza. Un d\u00eda, mientras caminaba, encontr\u00f3 un caracol muy especial. Este caracol, a diferencia de los dem\u00e1s, \u00a1hablaba! Ana no pod\u00eda creerlo. El caracol le dijo: &#8216;Hola, soy Caracolito, \u00bfc\u00f3mo est\u00e1s?&#8217; Ana, &#8230; <a title=\"La ni\u00f1a que charlaba con un caracol\" class=\"read-more\" href=\"https:\/\/cuentia.es\/en\/cuentia\/la-nina-que-charlaba-con-un-caracol\/\" aria-label=\"Read more about La ni\u00f1a que charlaba con un caracol\">Read more<\/a><\/p>","protected":false},"author":1,"featured_media":0,"comment_status":"","ping_status":"open","sticky":false,"template":"","format":"standard","meta":{"footnotes":""},"categories":[22],"tags":[],"class_list":["post-1402","post","type-post","status-publish","format-standard","hentry","category-cuentia"],"aioseo_notices":[],"_links":{"self":[{"href":"https:\/\/cuentia.es\/en\/wp-json\/wp\/v2\/posts\/1402","targetHints":{"allow":["GET"]}}],"collection":[{"href":"https:\/\/cuentia.es\/en\/wp-json\/wp\/v2\/posts"}],"about":[{"href":"https:\/\/cuentia.es\/en\/wp-json\/wp\/v2\/types\/post"}],"author":[{"embeddable":true,"href":"https:\/\/cuentia.es\/en\/wp-json\/wp\/v2\/users\/1"}],"replies":[{"embeddable":true,"href":"https:\/\/cuentia.es\/en\/wp-json\/wp\/v2\/comments?post=1402"}],"version-history":[{"count":0,"href":"https:\/\/cuentia.es\/en\/wp-json\/wp\/v2\/posts\/1402\/revisions"}],"wp:attachment":[{"href":"https:\/\/cuentia.es\/en\/wp-json\/wp\/v2\/media?parent=1402"}],"wp:term":[{"taxonomy":"category","embeddable":true,"href":"https:\/\/cuentia.es\/en\/wp-json\/wp\/v2\/categories?post=1402"},{"taxonomy":"post_tag","embeddable":true,"href":"https:\/\/cuentia.es\/en\/wp-json\/wp\/v2\/tags?post=1402"}],"curies":[{"name":"wp","href":"https:\/\/api.w.org\/{rel}","templated":true}]}}