{"id":1408,"date":"2025-09-17T19:01:01","date_gmt":"2025-09-17T17:01:01","guid":{"rendered":"https:\/\/cuentia.es\/sin-categoria\/la-pulsera-que-detenia-el-tiempo\/"},"modified":"2025-09-17T19:01:01","modified_gmt":"2025-09-17T17:01:01","slug":"la-pulsera-que-detenia-el-tiempo","status":"publish","type":"post","link":"https:\/\/cuentia.es\/en\/cuentia\/la-pulsera-que-detenia-el-tiempo\/","title":{"rendered":"La pulsera que deten\u00eda el tiempo"},"content":{"rendered":"<p><html><body><\/p>\n<p>\u00c9rase una vez en un peque\u00f1o pueblo, una ni\u00f1a llamada Ana. Ana era una ni\u00f1a curiosa y aventurera a la que le encantaba explorar el bosque que rodeaba su casa. Un d\u00eda, mientras caminaba por el bosque, encontr\u00f3 una pulsera muy brillante en el suelo. Al recogerla, la pulsera empez\u00f3 a brillar a\u00fan m\u00e1s y de repente, Ana se dio cuenta de que pod\u00eda detener el tiempo con ella. <\/p>\n<p>Emocionada, Ana decidi\u00f3 probar su nueva habilidad y detuvo el tiempo. Todo a su alrededor se congel\u00f3, las hojas de los \u00e1rboles suspendidas en el aire y los p\u00e1jaros inm\u00f3viles en el cielo. Ana estaba maravillada, \u00a1ahora pod\u00eda explorar el mundo sin que nadie la viera! <\/p>\n<p>Sin embargo, mientras jugaba con su nueva habilidad, Ana accidentalmente dej\u00f3 caer la pulsera y esta se rompi\u00f3 en varios pedazos. El tiempo se empez\u00f3 a mover de nuevo y Ana entr\u00f3 en p\u00e1nico al ver que todo a su alrededor volv\u00eda a la normalidad.<\/p>\n<p>Preocupada, Ana decidi\u00f3 buscar una soluci\u00f3n para arreglar la pulsera y poder detener el tiempo de nuevo. Se adentr\u00f3 en lo m\u00e1s profundo del bosque, preguntando a los animales y hadas que encontraba en el camino si sab\u00edan c\u00f3mo arreglar la pulsera. Finalmente, un b\u00faho sabio le dijo que la \u00fanica manera de arreglar la pulsera era encontrar los cristales m\u00e1gicos escondidos en lo m\u00e1s alto de la monta\u00f1a m\u00e1s alta. <\/p>\n<p>Sin perder tiempo, Ana se puso en marcha hacia la monta\u00f1a. El camino no fue f\u00e1cil, tuvo que escalar rocas, cruzar r\u00edos y vencer sus miedos. Pero finalmente, despu\u00e9s de muchos desaf\u00edos, lleg\u00f3 a la cima de la monta\u00f1a donde encontr\u00f3 una cueva repleta de brillantes cristales de colores.<\/p>\n<p>Con cuidado, Ana escogi\u00f3 los cristales que necesitaba y los coloc\u00f3 en la pulsera rota. En ese momento, la pulsera empez\u00f3 a brillar de nuevo y Ana supo que volver\u00eda a funcionar. Llena de alegr\u00eda, se puso la pulsera en la mu\u00f1eca y detuvo el tiempo de nuevo. <\/p>\n<p>Desde ese d\u00eda, Ana utiliz\u00f3 la pulsera con responsabilidad, asegur\u00e1ndose de aprovechar el tiempo detenido para aprender, explorar y ayudar a los dem\u00e1s. Y aunque ya no necesitaba detener el tiempo con tanta frecuencia, saber que ten\u00eda ese poder la hac\u00eda sentir valiente y lista para cualquier aventura que la vida le tuviera preparada. <\/p>\n<footer>\u00a1Y color\u00edn colorado, este cuento ha terminado!<\/footer>\n<p><\/body><\/html><\/p>\n<hr\/>\n<p>Ap\u00fantate a la newsletter y recibe cuentos como este directamente en tu correo electr\u00f3nico.<\/p>\n<div class=\"wp-block-contact-form-7-contact-form-selector\">\n<div class=\"wpcf7 no-js\" id=\"wpcf7-f759-o1\" lang=\"es-ES\" dir=\"ltr\" data-wpcf7-id=\"759\">\n<div class=\"screen-reader-response\"><p role=\"status\" aria-live=\"polite\" aria-atomic=\"true\"><\/p> <ul><\/ul><\/div>\n<form action=\"\/en\/wp-json\/wp\/v2\/posts\/1408#wpcf7-f759-o1\" method=\"post\" class=\"wpcf7-form init\" aria-label=\"Formulario de contacto\" novalidate=\"novalidate\" data-status=\"init\" data-trp-original-action=\"\/en\/wp-json\/wp\/v2\/posts\/1408#wpcf7-f759-o1\">\n<fieldset class=\"hidden-fields-container\"><input type=\"hidden\" name=\"_wpcf7\" value=\"759\" \/><input type=\"hidden\" name=\"_wpcf7_version\" value=\"6.1.5\" \/><input type=\"hidden\" name=\"_wpcf7_locale\" value=\"es_ES\" \/><input type=\"hidden\" name=\"_wpcf7_unit_tag\" value=\"wpcf7-f759-o1\" \/><input type=\"hidden\" name=\"_wpcf7_container_post\" value=\"0\" \/><input type=\"hidden\" name=\"_wpcf7_posted_data_hash\" value=\"\" \/>\n<\/fieldset>\n<p><label> Tu email aqu\u00ed <\/label><br \/>\n<span class=\"wpcf7-form-control-wrap\" data-name=\"your-email\"><input size=\"40\" maxlength=\"400\" class=\"wpcf7-form-control wpcf7-email wpcf7-validates-as-required wpcf7-text wpcf7-validates-as-email\" id=\"input_mail_suscription\" autocomplete=\"email\" aria-required=\"true\" aria-invalid=\"false\" value=\"\" type=\"email\" name=\"your-email\" \/><\/span>\n<\/p>\n<p><span class=\"wpcf7-form-control-wrap\" data-name=\"verify\"><span class=\"wpcf7-form-control wpcf7-checkbox wpcf7-validates-as-required\"><span class=\"wpcf7-list-item first last\"><label><input type=\"checkbox\" name=\"verify[]\" value=\"Estoy de acuerdo en recibir los cuentos en mi direcci\u00f3n de correo electr\u00f3nico\" \/><span class=\"wpcf7-list-item-label\">Estoy de acuerdo en recibir los cuentos en mi direcci\u00f3n de correo electr\u00f3nico<\/span><\/label><\/span><\/span><\/span>\n<\/p>\n<p><input class=\"wpcf7-form-control wpcf7-submit has-spinner\" id=\"submit_suscription\" type=\"submit\" value=\"Enviar\" \/>\n<\/p><div class=\"wpcf7-response-output\" aria-hidden=\"true\"><\/div>\n<input type=\"hidden\" name=\"trp-form-language\" value=\"en\"\/><\/form>\n<\/div>\n<\/div>","protected":false},"excerpt":{"rendered":"<p>\u00c9rase una vez en un peque\u00f1o pueblo, una ni\u00f1a llamada Ana. Ana era una ni\u00f1a curiosa y aventurera a la que le encantaba explorar el bosque que rodeaba su casa. Un d\u00eda, mientras caminaba por el bosque, encontr\u00f3 una pulsera muy brillante en el suelo. Al recogerla, la pulsera empez\u00f3 a brillar a\u00fan m\u00e1s y &#8230; <a title=\"La pulsera que deten\u00eda el tiempo\" class=\"read-more\" href=\"https:\/\/cuentia.es\/en\/cuentia\/la-pulsera-que-detenia-el-tiempo\/\" aria-label=\"Read more about La pulsera que deten\u00eda el tiempo\">Read more<\/a><\/p>","protected":false},"author":1,"featured_media":0,"comment_status":"","ping_status":"open","sticky":false,"template":"","format":"standard","meta":{"footnotes":""},"categories":[22],"tags":[],"class_list":["post-1408","post","type-post","status-publish","format-standard","hentry","category-cuentia"],"aioseo_notices":[],"_links":{"self":[{"href":"https:\/\/cuentia.es\/en\/wp-json\/wp\/v2\/posts\/1408","targetHints":{"allow":["GET"]}}],"collection":[{"href":"https:\/\/cuentia.es\/en\/wp-json\/wp\/v2\/posts"}],"about":[{"href":"https:\/\/cuentia.es\/en\/wp-json\/wp\/v2\/types\/post"}],"author":[{"embeddable":true,"href":"https:\/\/cuentia.es\/en\/wp-json\/wp\/v2\/users\/1"}],"replies":[{"embeddable":true,"href":"https:\/\/cuentia.es\/en\/wp-json\/wp\/v2\/comments?post=1408"}],"version-history":[{"count":0,"href":"https:\/\/cuentia.es\/en\/wp-json\/wp\/v2\/posts\/1408\/revisions"}],"wp:attachment":[{"href":"https:\/\/cuentia.es\/en\/wp-json\/wp\/v2\/media?parent=1408"}],"wp:term":[{"taxonomy":"category","embeddable":true,"href":"https:\/\/cuentia.es\/en\/wp-json\/wp\/v2\/categories?post=1408"},{"taxonomy":"post_tag","embeddable":true,"href":"https:\/\/cuentia.es\/en\/wp-json\/wp\/v2\/tags?post=1408"}],"curies":[{"name":"wp","href":"https:\/\/api.w.org\/{rel}","templated":true}]}}