{"id":1413,"date":"2025-09-22T19:00:52","date_gmt":"2025-09-22T17:00:52","guid":{"rendered":"https:\/\/cuentia.es\/sin-categoria\/el-nino-que-conversaba-con-las-ballenas\/"},"modified":"2025-09-22T19:00:52","modified_gmt":"2025-09-22T17:00:52","slug":"el-nino-que-conversaba-con-las-ballenas","status":"publish","type":"post","link":"https:\/\/cuentia.es\/en\/cuentia\/el-nino-que-conversaba-con-las-ballenas\/","title":{"rendered":"El ni\u00f1o que conversaba con las ballenas"},"content":{"rendered":"<p>\u00c9rase una vez un ni\u00f1o llamado Mateo, que viv\u00eda cerca del mar y ten\u00eda un don muy especial: pod\u00eda comunicarse con las ballenas. Desde peque\u00f1o, Mateo sent\u00eda una gran fascinaci\u00f3n por estos enormes animales y so\u00f1aba con poder hablar con ellos.<\/p>\n<p>Un d\u00eda, mientras paseaba por la playa, Mateo escuch\u00f3 un canto muy triste. Se acerc\u00f3 al mar y vio a una ballena atrapada en una red de pescar. Sin dudarlo, se meti\u00f3 al agua y nad\u00f3 hacia la ballena.<\/p>\n<p>\u2013 \u00bfHola? \u00bfPuedo ayudarte? \u2013pregunt\u00f3 Mateo.<\/p>\n<p>La ballena, sorprendida de que un humano pudiera entenderla, le respondi\u00f3 con voz melanc\u00f3lica:<\/p>\n<p>\u2013 S\u00ed, peque\u00f1o amigo. Estoy atrapada y no puedo liberarme. \u00bfPodr\u00edas ayudarme a romper esta red?<\/p>\n<p>Mateo asinti\u00f3 decidido y, con la ayuda de unas tijeras que llevaba en su bolsillo, comenz\u00f3 a cortar la red con cuidado para no lastimar a la ballena. Despu\u00e9s de un rato, la ballena por fin qued\u00f3 libre y pudo nadar de nuevo en el mar.<\/p>\n<p>\u2013 \u00a1Gracias, Mateo! Eres un verdadero amigo. \u00bfC\u00f3mo puedo agradecerte?<\/p>\n<p>\u2013 Me gustar\u00eda poder hablar contigo, saber m\u00e1s sobre tu vida en el mar \u2013respondi\u00f3 Mateo con curiosidad.<\/p>\n<p>As\u00ed comenz\u00f3 la incre\u00edble amistad entre Mateo y la ballena. Todos los d\u00edas, despu\u00e9s de la escuela, Mateo visitaba la playa y hablaba con su amiga ballena. Ella le contaba historias de otros oc\u00e9anos, de peces y corales maravillosos, y Mateo la escuchaba embelesado.<\/p>\n<p>Un d\u00eda, la ballena le dijo a Mateo que hab\u00eda un grave problema en el mar: la contaminaci\u00f3n estaba poniendo en peligro la vida marina. Muchos animales estaban enfermos o mor\u00edan por culpa de los desechos que los humanos tiraban al mar.<\/p>\n<p>\u2013 \u00bfQu\u00e9 podemos hacer para ayudar? \u2013pregunt\u00f3 Mateo preocupado.<\/p>\n<p>La ballena le explic\u00f3 que necesitaban la ayuda de los humanos para limpiar el mar y proteger a los animales. Juntos idearon un plan: Mateo hablar\u00eda con sus amigos y vecinos, les contar\u00eda lo que estaba pasando en el mar y los concienciar\u00eda para que cuidaran el medio ambiente.<\/p>\n<p>As\u00ed lo hizo Mateo. Organiz\u00f3 charlas en su colegio, reparti\u00f3 folletos informativos y particip\u00f3 en la limpieza de la playa junto con otros voluntarios. Poco a poco, la gente empez\u00f3 a tomar conciencia y a cambiar sus h\u00e1bitos para no seguir contaminando el mar.<\/p>\n<p>Gracias al esfuerzo de Mateo y la ayuda de la ballena, el mar volvi\u00f3 a estar limpio y seguro para todos los animales que viv\u00edan en \u00e9l. Mateo continu\u00f3 hablando con las ballenas y aprendiendo de su sabidur\u00eda, y juntos mantuvieron viva la magia de la amistad entre especies tan diferentes.<\/p>\n<p>Y color\u00edn colorado, este cuento de amistad y protecci\u00f3n del medio ambiente ha terminado.<\/p>\n<hr\/>\n<p>Ap\u00fantate a la newsletter y recibe cuentos como este directamente en tu correo electr\u00f3nico.<\/p>\n<div class=\"wp-block-contact-form-7-contact-form-selector\">\n<div class=\"wpcf7 no-js\" id=\"wpcf7-f759-o1\" lang=\"es-ES\" dir=\"ltr\" data-wpcf7-id=\"759\">\n<div class=\"screen-reader-response\"><p role=\"status\" aria-live=\"polite\" aria-atomic=\"true\"><\/p> <ul><\/ul><\/div>\n<form action=\"\/en\/wp-json\/wp\/v2\/posts\/1413#wpcf7-f759-o1\" method=\"post\" class=\"wpcf7-form init\" aria-label=\"Formulario de contacto\" novalidate=\"novalidate\" data-status=\"init\" data-trp-original-action=\"\/en\/wp-json\/wp\/v2\/posts\/1413#wpcf7-f759-o1\">\n<fieldset class=\"hidden-fields-container\"><input type=\"hidden\" name=\"_wpcf7\" value=\"759\" \/><input type=\"hidden\" name=\"_wpcf7_version\" value=\"6.1.5\" \/><input type=\"hidden\" name=\"_wpcf7_locale\" value=\"es_ES\" \/><input type=\"hidden\" name=\"_wpcf7_unit_tag\" value=\"wpcf7-f759-o1\" \/><input type=\"hidden\" name=\"_wpcf7_container_post\" value=\"0\" \/><input type=\"hidden\" name=\"_wpcf7_posted_data_hash\" value=\"\" \/>\n<\/fieldset>\n<p><label> Tu email aqu\u00ed <\/label><br \/>\n<span class=\"wpcf7-form-control-wrap\" data-name=\"your-email\"><input size=\"40\" maxlength=\"400\" class=\"wpcf7-form-control wpcf7-email wpcf7-validates-as-required wpcf7-text wpcf7-validates-as-email\" id=\"input_mail_suscription\" autocomplete=\"email\" aria-required=\"true\" aria-invalid=\"false\" value=\"\" type=\"email\" name=\"your-email\" \/><\/span>\n<\/p>\n<p><span class=\"wpcf7-form-control-wrap\" data-name=\"verify\"><span class=\"wpcf7-form-control wpcf7-checkbox wpcf7-validates-as-required\"><span class=\"wpcf7-list-item first last\"><label><input type=\"checkbox\" name=\"verify[]\" value=\"Estoy de acuerdo en recibir los cuentos en mi direcci\u00f3n de correo electr\u00f3nico\" \/><span class=\"wpcf7-list-item-label\">Estoy de acuerdo en recibir los cuentos en mi direcci\u00f3n de correo electr\u00f3nico<\/span><\/label><\/span><\/span><\/span>\n<\/p>\n<p><input class=\"wpcf7-form-control wpcf7-submit has-spinner\" id=\"submit_suscription\" type=\"submit\" value=\"Enviar\" \/>\n<\/p><div class=\"wpcf7-response-output\" aria-hidden=\"true\"><\/div>\n<input type=\"hidden\" name=\"trp-form-language\" value=\"en\"\/><\/form>\n<\/div>\n<\/div>","protected":false},"excerpt":{"rendered":"<p>\u00c9rase una vez un ni\u00f1o llamado Mateo, que viv\u00eda cerca del mar y ten\u00eda un don muy especial: pod\u00eda comunicarse con las ballenas. Desde peque\u00f1o, Mateo sent\u00eda una gran fascinaci\u00f3n por estos enormes animales y so\u00f1aba con poder hablar con ellos. Un d\u00eda, mientras paseaba por la playa, Mateo escuch\u00f3 un canto muy triste. Se &#8230; <a title=\"El ni\u00f1o que conversaba con las ballenas\" class=\"read-more\" href=\"https:\/\/cuentia.es\/en\/cuentia\/el-nino-que-conversaba-con-las-ballenas\/\" aria-label=\"Read more about El ni\u00f1o que conversaba con las ballenas\">Read more<\/a><\/p>","protected":false},"author":1,"featured_media":0,"comment_status":"","ping_status":"open","sticky":false,"template":"","format":"standard","meta":{"footnotes":""},"categories":[22],"tags":[],"class_list":["post-1413","post","type-post","status-publish","format-standard","hentry","category-cuentia"],"aioseo_notices":[],"_links":{"self":[{"href":"https:\/\/cuentia.es\/en\/wp-json\/wp\/v2\/posts\/1413","targetHints":{"allow":["GET"]}}],"collection":[{"href":"https:\/\/cuentia.es\/en\/wp-json\/wp\/v2\/posts"}],"about":[{"href":"https:\/\/cuentia.es\/en\/wp-json\/wp\/v2\/types\/post"}],"author":[{"embeddable":true,"href":"https:\/\/cuentia.es\/en\/wp-json\/wp\/v2\/users\/1"}],"replies":[{"embeddable":true,"href":"https:\/\/cuentia.es\/en\/wp-json\/wp\/v2\/comments?post=1413"}],"version-history":[{"count":0,"href":"https:\/\/cuentia.es\/en\/wp-json\/wp\/v2\/posts\/1413\/revisions"}],"wp:attachment":[{"href":"https:\/\/cuentia.es\/en\/wp-json\/wp\/v2\/media?parent=1413"}],"wp:term":[{"taxonomy":"category","embeddable":true,"href":"https:\/\/cuentia.es\/en\/wp-json\/wp\/v2\/categories?post=1413"},{"taxonomy":"post_tag","embeddable":true,"href":"https:\/\/cuentia.es\/en\/wp-json\/wp\/v2\/tags?post=1413"}],"curies":[{"name":"wp","href":"https:\/\/api.w.org\/{rel}","templated":true}]}}